{"id":1852,"date":"2008-11-20T12:37:30","date_gmt":"2008-11-20T16:37:30","guid":{"rendered":"https:\/\/blacknell.net\/dynamic\/?p=1852"},"modified":"2008-11-20T12:37:30","modified_gmt":"2008-11-20T16:37:30","slug":"and-waxman-takes-the-gavel","status":"publish","type":"post","link":"https:\/\/blacknell.net\/dynamic\/2008\/11\/20\/and-waxman-takes-the-gavel\/","title":{"rendered":"And Waxman Takes the Gavel"},"content":{"rendered":"<p>And Rep. Henry Waxman <a href=\"http:\/\/tpmelectioncentral.talkingpointsmemo.com\/2008\/11\/in_big_win_for_liberals_waxman.php\">will be heading up the House Energy and Commerce Committee<\/a>.\u00c2\u00a0 This is encouraging in a number of ways.\u00c2\u00a0 First, we&#8217;ll have a person shaping the energy policy debate that isn&#8217;t wedded to Detroit.\u00c2\u00a0 Second, Waxman is not afraid of looking &#8211; and moving &#8211; into the future.\u00c2\u00a0 Finally, that Dingell &#8211; a longstanding House power &#8211; could be displaced bodes well for those of us who think that more than seniority should determine power structure.<\/p>\n<p>(None of this should be taken to say that I don&#8217;t think highly of Dingell.\u00c2\u00a0 Waxman is simply more of what we need in that position, right now.)<\/p>\n","protected":false},"excerpt":{"rendered":"<p>And Rep. Henry Waxman will be heading up the House Energy and Commerce Committee.\u00c2\u00a0 This is encouraging in a number of ways.\u00c2\u00a0 First, we&#8217;ll have a person shaping the energy policy debate that isn&#8217;t wedded to Detroit.\u00c2\u00a0 Second, Waxman is not afraid of looking &#8211; and moving &#8211; into the future.\u00c2\u00a0 Finally, that Dingell &#8211; [&hellip;]<\/p>\n","protected":false},"author":2,"featured_media":0,"comment_status":"open","ping_status":"open","sticky":false,"template":"","format":"standard","meta":{"_exactmetrics_skip_tracking":false,"ngg_post_thumbnail":0,"activitypub_content_warning":"","activitypub_content_visibility":"","activitypub_max_image_attachments":4,"activitypub_interaction_policy_quote":"anyone","activitypub_status":"","footnotes":""},"categories":[6,8],"tags":[],"class_list":["post-1852","post","type-post","status-publish","format-standard","hentry","category-policy","category-politics"],"aioseo_notices":[],"aioseo_head":"\n\t\t<!-- All in One SEO 5.0.1 - aioseo.com -->\n\t<meta name=\"description\" content=\"And Rep. Henry Waxman will be heading up the House Energy and Commerce Committee.\u00c2 This is encouraging in a number of ways.\u00c2 First, we&#039;ll have a person shaping the energy policy debate that isn&#039;t wedded to Detroit.\u00c2 Second, Waxman is not afraid of looking - and moving - into the future.\u00c2 Finally, that Dingell -\" \/>\n\t<meta name=\"robots\" content=\"max-image-preview:large\" \/>\n\t<meta name=\"author\" content=\"MB\"\/>\n\t<meta name=\"keywords\" content=\"policy,politics\" \/>\n\t<link rel=\"canonical\" href=\"https:\/\/blacknell.net\/dynamic\/2008\/11\/20\/and-waxman-takes-the-gavel\/\" \/>\n\t<meta name=\"generator\" content=\"All in One SEO (AIOSEO) 5.0.1\" \/>\n\t\t<meta property=\"og:locale\" content=\"en_US\" \/>\n\t\t<meta property=\"og:site_name\" content=\"Blacknell.net | Politics, open government, and safe streets.  And the constant incursion of cycling.\" \/>\n\t\t<meta property=\"og:type\" content=\"article\" \/>\n\t\t<meta property=\"og:title\" content=\"And Waxman Takes the Gavel | Blacknell.net\" \/>\n\t\t<meta property=\"og:description\" content=\"And Rep. Henry Waxman will be heading up the House Energy and Commerce Committee.\u00c2 This is encouraging in a number of ways.\u00c2 First, we&#039;ll have a person shaping the energy policy debate that isn&#039;t wedded to Detroit.\u00c2 Second, Waxman is not afraid of looking - and moving - into the future.\u00c2 Finally, that Dingell -\" \/>\n\t\t<meta property=\"og:url\" content=\"https:\/\/blacknell.net\/dynamic\/2008\/11\/20\/and-waxman-takes-the-gavel\/\" \/>\n\t\t<meta property=\"og:image\" content=\"https:\/\/blacknell.net\/dynamic\/wp-content\/uploads\/2023\/08\/IMG_2536.jpg\" \/>\n\t\t<meta property=\"og:image:secure_url\" content=\"https:\/\/blacknell.net\/dynamic\/wp-content\/uploads\/2023\/08\/IMG_2536.jpg\" \/>\n\t\t<meta property=\"og:image:width\" content=\"1170\" \/>\n\t\t<meta property=\"og:image:height\" content=\"1518\" \/>\n\t\t<meta property=\"article:published_time\" content=\"2008-11-20T16:37:30+00:00\" \/>\n\t\t<meta property=\"article:modified_time\" content=\"2008-11-20T16:37:30+00:00\" \/>\n\t\t<meta property=\"article:publisher\" content=\"https:\/\/www.facebook.com\/Blacknell\/\" \/>\n\t\t<meta name=\"twitter:card\" content=\"summary\" \/>\n\t\t<meta name=\"twitter:site\" content=\"@Blacknell\" \/>\n\t\t<meta name=\"twitter:title\" content=\"And Waxman Takes the Gavel | Blacknell.net\" \/>\n\t\t<meta name=\"twitter:description\" content=\"And Rep. Henry Waxman will be heading up the House Energy and Commerce Committee.\u00c2 This is encouraging in a number of ways.\u00c2 First, we&#039;ll have a person shaping the energy policy debate that isn&#039;t wedded to Detroit.\u00c2 Second, Waxman is not afraid of looking - and moving - into the future.\u00c2 Finally, that Dingell -\" \/>\n\t\t<meta name=\"twitter:creator\" content=\"@Blacknell\" \/>\n\t\t<meta name=\"twitter:image\" content=\"https:\/\/blacknell.net\/dynamic\/wp-content\/uploads\/2023\/08\/IMG_2536.jpg\" \/>\n\t\t<script type=\"application\/ld+json\" class=\"aioseo-schema\">\n\t\t\t{\"@context\":\"https:\\\/\\\/schema.org\",\"@graph\":[{\"@type\":\"Article\",\"@id\":\"https:\\\/\\\/blacknell.net\\\/dynamic\\\/2008\\\/11\\\/20\\\/and-waxman-takes-the-gavel\\\/#article\",\"name\":\"And Waxman Takes the Gavel | Blacknell.net\",\"headline\":\"And Waxman Takes the Gavel\",\"author\":{\"@id\":\"https:\\\/\\\/blacknell.net\\\/dynamic\\\/author\\\/mb\\\/#author\"},\"publisher\":{\"@id\":\"https:\\\/\\\/blacknell.net\\\/dynamic\\\/#person\"},\"datePublished\":\"2008-11-20T12:37:30-04:00\",\"dateModified\":\"2008-11-20T12:37:30-04:00\",\"inLanguage\":\"en-US\",\"mainEntityOfPage\":{\"@id\":\"https:\\\/\\\/blacknell.net\\\/dynamic\\\/2008\\\/11\\\/20\\\/and-waxman-takes-the-gavel\\\/#webpage\"},\"isPartOf\":{\"@id\":\"https:\\\/\\\/blacknell.net\\\/dynamic\\\/2008\\\/11\\\/20\\\/and-waxman-takes-the-gavel\\\/#webpage\"},\"articleSection\":\"Policy, Politics\"},{\"@type\":\"BreadcrumbList\",\"@id\":\"https:\\\/\\\/blacknell.net\\\/dynamic\\\/2008\\\/11\\\/20\\\/and-waxman-takes-the-gavel\\\/#breadcrumblist\",\"itemListElement\":[{\"@type\":\"ListItem\",\"@id\":\"https:\\\/\\\/blacknell.net\\\/dynamic#listItem\",\"position\":1,\"name\":\"Home\",\"item\":\"https:\\\/\\\/blacknell.net\\\/dynamic\",\"nextItem\":{\"@type\":\"ListItem\",\"@id\":\"https:\\\/\\\/blacknell.net\\\/dynamic\\\/category\\\/policy\\\/#listItem\",\"name\":\"Policy\"}},{\"@type\":\"ListItem\",\"@id\":\"https:\\\/\\\/blacknell.net\\\/dynamic\\\/category\\\/policy\\\/#listItem\",\"position\":2,\"name\":\"Policy\",\"item\":\"https:\\\/\\\/blacknell.net\\\/dynamic\\\/category\\\/policy\\\/\",\"nextItem\":{\"@type\":\"ListItem\",\"@id\":\"https:\\\/\\\/blacknell.net\\\/dynamic\\\/2008\\\/11\\\/20\\\/and-waxman-takes-the-gavel\\\/#listItem\",\"name\":\"And Waxman Takes the Gavel\"},\"previousItem\":{\"@type\":\"ListItem\",\"@id\":\"https:\\\/\\\/blacknell.net\\\/dynamic#listItem\",\"name\":\"Home\"}},{\"@type\":\"ListItem\",\"@id\":\"https:\\\/\\\/blacknell.net\\\/dynamic\\\/2008\\\/11\\\/20\\\/and-waxman-takes-the-gavel\\\/#listItem\",\"position\":3,\"name\":\"And Waxman Takes the Gavel\",\"previousItem\":{\"@type\":\"ListItem\",\"@id\":\"https:\\\/\\\/blacknell.net\\\/dynamic\\\/category\\\/policy\\\/#listItem\",\"name\":\"Policy\"}}]},{\"@type\":\"Person\",\"@id\":\"https:\\\/\\\/blacknell.net\\\/dynamic\\\/#person\"},{\"@type\":\"Person\",\"@id\":\"https:\\\/\\\/blacknell.net\\\/dynamic\\\/author\\\/mb\\\/#author\",\"url\":\"https:\\\/\\\/blacknell.net\\\/dynamic\\\/author\\\/mb\\\/\",\"name\":\"MB\"},{\"@type\":\"WebPage\",\"@id\":\"https:\\\/\\\/blacknell.net\\\/dynamic\\\/2008\\\/11\\\/20\\\/and-waxman-takes-the-gavel\\\/#webpage\",\"url\":\"https:\\\/\\\/blacknell.net\\\/dynamic\\\/2008\\\/11\\\/20\\\/and-waxman-takes-the-gavel\\\/\",\"name\":\"And Waxman Takes the Gavel | Blacknell.net\",\"description\":\"And Rep. Henry Waxman will be heading up the House Energy and Commerce Committee.\\u00c2 This is encouraging in a number of ways.\\u00c2 First, we'll have a person shaping the energy policy debate that isn't wedded to Detroit.\\u00c2 Second, Waxman is not afraid of looking - and moving - into the future.\\u00c2 Finally, that Dingell -\",\"inLanguage\":\"en-US\",\"isPartOf\":{\"@id\":\"https:\\\/\\\/blacknell.net\\\/dynamic\\\/#website\"},\"breadcrumb\":{\"@id\":\"https:\\\/\\\/blacknell.net\\\/dynamic\\\/2008\\\/11\\\/20\\\/and-waxman-takes-the-gavel\\\/#breadcrumblist\"},\"author\":{\"@id\":\"https:\\\/\\\/blacknell.net\\\/dynamic\\\/author\\\/mb\\\/#author\"},\"creator\":{\"@id\":\"https:\\\/\\\/blacknell.net\\\/dynamic\\\/author\\\/mb\\\/#author\"},\"datePublished\":\"2008-11-20T12:37:30-04:00\",\"dateModified\":\"2008-11-20T12:37:30-04:00\"},{\"@type\":\"WebSite\",\"@id\":\"https:\\\/\\\/blacknell.net\\\/dynamic\\\/#website\",\"url\":\"https:\\\/\\\/blacknell.net\\\/dynamic\\\/\",\"name\":\"Blacknell.net\",\"description\":\"Politics, open government, and safe streets.  And the constant incursion of cycling.\",\"inLanguage\":\"en-US\",\"publisher\":{\"@id\":\"https:\\\/\\\/blacknell.net\\\/dynamic\\\/#person\"}}]}\n\t\t<\/script>\n\t\t<!-- All in One SEO -->\n\n","aioseo_head_json":{"title":"And Waxman Takes the Gavel | Blacknell.net","description":"And Rep. Henry Waxman will be heading up the House Energy and Commerce Committee.\u00c2 This is encouraging in a number of ways.\u00c2 First, we'll have a person shaping the energy policy debate that isn't wedded to Detroit.\u00c2 Second, Waxman is not afraid of looking - and moving - into the future.\u00c2 Finally, that Dingell -","canonical_url":"https:\/\/blacknell.net\/dynamic\/2008\/11\/20\/and-waxman-takes-the-gavel\/","robots":"max-image-preview:large","keywords":"policy,politics","webmasterTools":{"miscellaneous":""},"schema":{"@context":"https:\/\/schema.org","@graph":[{"@type":"Article","@id":"https:\/\/blacknell.net\/dynamic\/2008\/11\/20\/and-waxman-takes-the-gavel\/#article","name":"And Waxman Takes the Gavel | Blacknell.net","headline":"And Waxman Takes the Gavel","author":{"@id":"https:\/\/blacknell.net\/dynamic\/author\/mb\/#author"},"publisher":{"@id":"https:\/\/blacknell.net\/dynamic\/#person"},"datePublished":"2008-11-20T12:37:30-04:00","dateModified":"2008-11-20T12:37:30-04:00","inLanguage":"en-US","mainEntityOfPage":{"@id":"https:\/\/blacknell.net\/dynamic\/2008\/11\/20\/and-waxman-takes-the-gavel\/#webpage"},"isPartOf":{"@id":"https:\/\/blacknell.net\/dynamic\/2008\/11\/20\/and-waxman-takes-the-gavel\/#webpage"},"articleSection":"Policy, Politics"},{"@type":"BreadcrumbList","@id":"https:\/\/blacknell.net\/dynamic\/2008\/11\/20\/and-waxman-takes-the-gavel\/#breadcrumblist","itemListElement":[{"@type":"ListItem","@id":"https:\/\/blacknell.net\/dynamic#listItem","position":1,"name":"Home","item":"https:\/\/blacknell.net\/dynamic","nextItem":{"@type":"ListItem","@id":"https:\/\/blacknell.net\/dynamic\/category\/policy\/#listItem","name":"Policy"}},{"@type":"ListItem","@id":"https:\/\/blacknell.net\/dynamic\/category\/policy\/#listItem","position":2,"name":"Policy","item":"https:\/\/blacknell.net\/dynamic\/category\/policy\/","nextItem":{"@type":"ListItem","@id":"https:\/\/blacknell.net\/dynamic\/2008\/11\/20\/and-waxman-takes-the-gavel\/#listItem","name":"And Waxman Takes the Gavel"},"previousItem":{"@type":"ListItem","@id":"https:\/\/blacknell.net\/dynamic#listItem","name":"Home"}},{"@type":"ListItem","@id":"https:\/\/blacknell.net\/dynamic\/2008\/11\/20\/and-waxman-takes-the-gavel\/#listItem","position":3,"name":"And Waxman Takes the Gavel","previousItem":{"@type":"ListItem","@id":"https:\/\/blacknell.net\/dynamic\/category\/policy\/#listItem","name":"Policy"}}]},{"@type":"Person","@id":"https:\/\/blacknell.net\/dynamic\/#person"},{"@type":"Person","@id":"https:\/\/blacknell.net\/dynamic\/author\/mb\/#author","url":"https:\/\/blacknell.net\/dynamic\/author\/mb\/","name":"MB"},{"@type":"WebPage","@id":"https:\/\/blacknell.net\/dynamic\/2008\/11\/20\/and-waxman-takes-the-gavel\/#webpage","url":"https:\/\/blacknell.net\/dynamic\/2008\/11\/20\/and-waxman-takes-the-gavel\/","name":"And Waxman Takes the Gavel | Blacknell.net","description":"And Rep. Henry Waxman will be heading up the House Energy and Commerce Committee.\u00c2 This is encouraging in a number of ways.\u00c2 First, we'll have a person shaping the energy policy debate that isn't wedded to Detroit.\u00c2 Second, Waxman is not afraid of looking - and moving - into the future.\u00c2 Finally, that Dingell -","inLanguage":"en-US","isPartOf":{"@id":"https:\/\/blacknell.net\/dynamic\/#website"},"breadcrumb":{"@id":"https:\/\/blacknell.net\/dynamic\/2008\/11\/20\/and-waxman-takes-the-gavel\/#breadcrumblist"},"author":{"@id":"https:\/\/blacknell.net\/dynamic\/author\/mb\/#author"},"creator":{"@id":"https:\/\/blacknell.net\/dynamic\/author\/mb\/#author"},"datePublished":"2008-11-20T12:37:30-04:00","dateModified":"2008-11-20T12:37:30-04:00"},{"@type":"WebSite","@id":"https:\/\/blacknell.net\/dynamic\/#website","url":"https:\/\/blacknell.net\/dynamic\/","name":"Blacknell.net","description":"Politics, open government, and safe streets.  And the constant incursion of cycling.","inLanguage":"en-US","publisher":{"@id":"https:\/\/blacknell.net\/dynamic\/#person"}}]},"og:locale":"en_US","og:site_name":"Blacknell.net | Politics, open government, and safe streets.  And the constant incursion of cycling.","og:type":"article","og:title":"And Waxman Takes the Gavel | Blacknell.net","og:description":"And Rep. Henry Waxman will be heading up the House Energy and Commerce Committee.\u00c2 This is encouraging in a number of ways.\u00c2 First, we'll have a person shaping the energy policy debate that isn't wedded to Detroit.\u00c2 Second, Waxman is not afraid of looking - and moving - into the future.\u00c2 Finally, that Dingell -","og:url":"https:\/\/blacknell.net\/dynamic\/2008\/11\/20\/and-waxman-takes-the-gavel\/","og:image":"https:\/\/blacknell.net\/dynamic\/wp-content\/uploads\/2023\/08\/IMG_2536.jpg","og:image:secure_url":"https:\/\/blacknell.net\/dynamic\/wp-content\/uploads\/2023\/08\/IMG_2536.jpg","og:image:width":1170,"og:image:height":1518,"article:published_time":"2008-11-20T16:37:30+00:00","article:modified_time":"2008-11-20T16:37:30+00:00","article:publisher":"https:\/\/www.facebook.com\/Blacknell\/","twitter:card":"summary","twitter:site":"@Blacknell","twitter:title":"And Waxman Takes the Gavel | Blacknell.net","twitter:description":"And Rep. Henry Waxman will be heading up the House Energy and Commerce Committee.\u00c2 This is encouraging in a number of ways.\u00c2 First, we'll have a person shaping the energy policy debate that isn't wedded to Detroit.\u00c2 Second, Waxman is not afraid of looking - and moving - into the future.\u00c2 Finally, that Dingell -","twitter:creator":"@Blacknell","twitter:image":"https:\/\/blacknell.net\/dynamic\/wp-content\/uploads\/2023\/08\/IMG_2536.jpg"},"aioseo_meta_data":{"post_id":"1852","title":null,"description":null,"keywords":null,"keyphrases":null,"primary_term":null,"canonical_url":null,"og_title":null,"og_description":null,"og_object_type":"default","og_image_type":"default","og_image_url":null,"og_image_width":null,"og_image_height":null,"og_image_custom_url":null,"og_image_custom_fields":null,"og_video":null,"og_custom_url":null,"og_article_section":null,"og_article_tags":null,"twitter_use_og":false,"twitter_card":"default","twitter_image_type":"default","twitter_image_url":null,"twitter_image_custom_url":null,"twitter_image_custom_fields":null,"twitter_title":null,"twitter_description":null,"schema":{"blockGraphs":[],"customGraphs":[],"default":{"data":{"Article":[],"Course":[],"Dataset":[],"FAQPage":[],"Movie":[],"Person":[],"Product":[],"ProductReview":[],"Car":[],"Recipe":[],"Service":[],"SoftwareApplication":[],"WebPage":[]},"graphName":"Article","isEnabled":true},"graphs":[]},"schema_type":null,"schema_type_options":null,"pillar_content":false,"robots_default":true,"robots_noindex":false,"robots_noarchive":false,"robots_nosnippet":false,"robots_nofollow":false,"robots_noimageindex":false,"robots_noodp":false,"robots_notranslate":false,"robots_max_snippet":null,"robots_max_videopreview":null,"robots_max_imagepreview":"large","priority":null,"frequency":null,"location":null,"local_seo":null,"breadcrumb_settings":null,"limit_modified_date":false,"ai":null,"created":"2021-02-04 15:01:55","updated":"2025-12-10 02:24:30","seo_analyzer_scan_date":null,"focus_keyword":null,"additional_keywords":null,"truseo_locale":null},"aioseo_breadcrumb":"<div class=\"aioseo-breadcrumbs\"><span class=\"aioseo-breadcrumb\">\n\t\t\t<a href=\"https:\/\/blacknell.net\/dynamic\" title=\"Home\">Home<\/a>\n\t\t<\/span><span class=\"aioseo-breadcrumb-separator\">&raquo;<\/span><span class=\"aioseo-breadcrumb\">\n\t\t\t<a href=\"https:\/\/blacknell.net\/dynamic\/category\/policy\/\" title=\"Policy\">Policy<\/a>\n\t\t<\/span><span class=\"aioseo-breadcrumb-separator\">&raquo;<\/span><span class=\"aioseo-breadcrumb\">\n\t\t\tAnd Waxman Takes the Gavel\n\t\t<\/span><\/div>","aioseo_breadcrumb_json":[{"label":"Home","link":"https:\/\/blacknell.net\/dynamic"},{"label":"Policy","link":"https:\/\/blacknell.net\/dynamic\/category\/policy\/"},{"label":"And Waxman Takes the Gavel","link":"https:\/\/blacknell.net\/dynamic\/2008\/11\/20\/and-waxman-takes-the-gavel\/"}],"_links":{"self":[{"href":"https:\/\/blacknell.net\/dynamic\/wp-json\/wp\/v2\/posts\/1852","targetHints":{"allow":["GET"]}}],"collection":[{"href":"https:\/\/blacknell.net\/dynamic\/wp-json\/wp\/v2\/posts"}],"about":[{"href":"https:\/\/blacknell.net\/dynamic\/wp-json\/wp\/v2\/types\/post"}],"author":[{"embeddable":true,"href":"https:\/\/blacknell.net\/dynamic\/wp-json\/wp\/v2\/users\/2"}],"replies":[{"embeddable":true,"href":"https:\/\/blacknell.net\/dynamic\/wp-json\/wp\/v2\/comments?post=1852"}],"version-history":[{"count":1,"href":"https:\/\/blacknell.net\/dynamic\/wp-json\/wp\/v2\/posts\/1852\/revisions"}],"predecessor-version":[{"id":1853,"href":"https:\/\/blacknell.net\/dynamic\/wp-json\/wp\/v2\/posts\/1852\/revisions\/1853"}],"wp:attachment":[{"href":"https:\/\/blacknell.net\/dynamic\/wp-json\/wp\/v2\/media?parent=1852"}],"wp:term":[{"taxonomy":"category","embeddable":true,"href":"https:\/\/blacknell.net\/dynamic\/wp-json\/wp\/v2\/categories?post=1852"},{"taxonomy":"post_tag","embeddable":true,"href":"https:\/\/blacknell.net\/dynamic\/wp-json\/wp\/v2\/tags?post=1852"}],"curies":[{"name":"wp","href":"https:\/\/api.w.org\/{rel}","templated":true}]}}