{"id":3002,"date":"2009-06-02T22:00:13","date_gmt":"2009-06-03T02:00:13","guid":{"rendered":"https:\/\/blacknell.net\/dynamic\/?p=3002"},"modified":"2009-06-02T22:00:53","modified_gmt":"2009-06-03T02:00:53","slug":"clarendon-cup-kids-ride-photos-up","status":"publish","type":"post","link":"https:\/\/blacknell.net\/dynamic\/2009\/06\/02\/clarendon-cup-kids-ride-photos-up\/","title":{"rendered":"Clarendon Cup Kids Ride Photos Up"},"content":{"rendered":"<p><a href=\"https:\/\/blacknell.net\/dynamic\/2009\/06\/01\/2009-clarendon-cup-kids-ride-and-crystal-ride-photos\/\">As promised<\/a>, I&#8217;ve posted <a href=\"http:\/\/www.flickr.com\/photos\/blacknell\/sets\/72157619076822227\/\">a raw (unedited) stream of lo-res shots<\/a> of the kids ride that took place during Sunday&#8217;s Clarendon Cup races.\u00c2\u00a0 I posting these because I get a lot of search traffic looking for pictures of this ride.\u00c2\u00a0\u00c2\u00a0 They are being posted under a Creative Commons attribution\/non-commercial license, so you&#8217;re quite welcome do as you please with them, within those limits.\u00c2\u00a0 If your kid is in a shot, and you want a better copy, <a href=\"mailto:clarendoncup@blacknell.net\">drop me a note<\/a> (and include the *exact* file name (e.g., IMG_3765.jpg)).\u00c2\u00a0 I&#8217;m not in the business of making prints, but if you *really* wanted one, I&#8217;m sure we could work something out.<\/p>\n","protected":false},"excerpt":{"rendered":"<p>As promised, I&#8217;ve posted a raw (unedited) stream of lo-res shots of the kids ride that took place during Sunday&#8217;s Clarendon Cup races.\u00c2\u00a0 I posting these because I get a lot of search traffic looking for pictures of this ride.\u00c2\u00a0\u00c2\u00a0 They are being posted under a Creative Commons attribution\/non-commercial license, so you&#8217;re quite welcome do [&hellip;]<\/p>\n","protected":false},"author":2,"featured_media":0,"comment_status":"open","ping_status":"open","sticky":false,"template":"","format":"standard","meta":{"_exactmetrics_skip_tracking":false,"ngg_post_thumbnail":0,"activitypub_content_warning":"","activitypub_content_visibility":"","activitypub_max_image_attachments":4,"activitypub_interaction_policy_quote":"anyone","activitypub_status":"","footnotes":""},"categories":[10],"tags":[317,501,318,509,79],"class_list":["post-3002","post","type-post","status-publish","format-standard","hentry","category-cycling","tag-clarendon-cup","tag-cycling","tag-kids-ride","tag-photos","tag-race"],"aioseo_notices":[],"aioseo_head":"\n\t\t<!-- All in One SEO 5.0.1 - aioseo.com -->\n\t<meta name=\"description\" content=\"As promised, I&#039;ve posted a raw (unedited) stream of lo-res shots of the kids ride that took place during Sunday&#039;s Clarendon Cup races.\u00c2 I posting these because I get a lot of search traffic looking for pictures of this ride.\u00c2 \u00c2 They are being posted under a Creative Commons attribution\/non-commercial license, so you&#039;re quite welcome do\" \/>\n\t<meta name=\"robots\" content=\"max-image-preview:large\" \/>\n\t<meta name=\"author\" content=\"MB\"\/>\n\t<meta name=\"keywords\" content=\"clarendon cup,cycling,kids ride,photos,race\" \/>\n\t<link rel=\"canonical\" href=\"https:\/\/blacknell.net\/dynamic\/2009\/06\/02\/clarendon-cup-kids-ride-photos-up\/\" \/>\n\t<meta name=\"generator\" content=\"All in One SEO (AIOSEO) 5.0.1\" \/>\n\t\t<meta property=\"og:locale\" content=\"en_US\" \/>\n\t\t<meta property=\"og:site_name\" content=\"Blacknell.net | Politics, open government, and safe streets.  And the constant incursion of cycling.\" \/>\n\t\t<meta property=\"og:type\" content=\"article\" \/>\n\t\t<meta property=\"og:title\" content=\"Clarendon Cup Kids Ride Photos Up | Blacknell.net\" \/>\n\t\t<meta property=\"og:description\" content=\"As promised, I&#039;ve posted a raw (unedited) stream of lo-res shots of the kids ride that took place during Sunday&#039;s Clarendon Cup races.\u00c2 I posting these because I get a lot of search traffic looking for pictures of this ride.\u00c2 \u00c2 They are being posted under a Creative Commons attribution\/non-commercial license, so you&#039;re quite welcome do\" \/>\n\t\t<meta property=\"og:url\" content=\"https:\/\/blacknell.net\/dynamic\/2009\/06\/02\/clarendon-cup-kids-ride-photos-up\/\" \/>\n\t\t<meta property=\"og:image\" content=\"https:\/\/blacknell.net\/dynamic\/wp-content\/uploads\/2023\/08\/IMG_2536.jpg\" \/>\n\t\t<meta property=\"og:image:secure_url\" content=\"https:\/\/blacknell.net\/dynamic\/wp-content\/uploads\/2023\/08\/IMG_2536.jpg\" \/>\n\t\t<meta property=\"og:image:width\" content=\"1170\" \/>\n\t\t<meta property=\"og:image:height\" content=\"1518\" \/>\n\t\t<meta property=\"article:published_time\" content=\"2009-06-03T02:00:13+00:00\" \/>\n\t\t<meta property=\"article:modified_time\" content=\"2009-06-03T02:00:53+00:00\" \/>\n\t\t<meta property=\"article:publisher\" content=\"https:\/\/www.facebook.com\/Blacknell\/\" \/>\n\t\t<meta name=\"twitter:card\" content=\"summary\" \/>\n\t\t<meta name=\"twitter:site\" content=\"@Blacknell\" \/>\n\t\t<meta name=\"twitter:title\" content=\"Clarendon Cup Kids Ride Photos Up | Blacknell.net\" \/>\n\t\t<meta name=\"twitter:description\" content=\"As promised, I&#039;ve posted a raw (unedited) stream of lo-res shots of the kids ride that took place during Sunday&#039;s Clarendon Cup races.\u00c2 I posting these because I get a lot of search traffic looking for pictures of this ride.\u00c2 \u00c2 They are being posted under a Creative Commons attribution\/non-commercial license, so you&#039;re quite welcome do\" \/>\n\t\t<meta name=\"twitter:creator\" content=\"@Blacknell\" \/>\n\t\t<meta name=\"twitter:image\" content=\"https:\/\/blacknell.net\/dynamic\/wp-content\/uploads\/2023\/08\/IMG_2536.jpg\" \/>\n\t\t<script type=\"application\/ld+json\" class=\"aioseo-schema\">\n\t\t\t{\"@context\":\"https:\\\/\\\/schema.org\",\"@graph\":[{\"@type\":\"Article\",\"@id\":\"https:\\\/\\\/blacknell.net\\\/dynamic\\\/2009\\\/06\\\/02\\\/clarendon-cup-kids-ride-photos-up\\\/#article\",\"name\":\"Clarendon Cup Kids Ride Photos Up | Blacknell.net\",\"headline\":\"Clarendon Cup Kids Ride Photos Up\",\"author\":{\"@id\":\"https:\\\/\\\/blacknell.net\\\/dynamic\\\/author\\\/mb\\\/#author\"},\"publisher\":{\"@id\":\"https:\\\/\\\/blacknell.net\\\/dynamic\\\/#person\"},\"datePublished\":\"2009-06-02T22:00:13-04:00\",\"dateModified\":\"2009-06-02T22:00:53-04:00\",\"inLanguage\":\"en-US\",\"commentCount\":2,\"mainEntityOfPage\":{\"@id\":\"https:\\\/\\\/blacknell.net\\\/dynamic\\\/2009\\\/06\\\/02\\\/clarendon-cup-kids-ride-photos-up\\\/#webpage\"},\"isPartOf\":{\"@id\":\"https:\\\/\\\/blacknell.net\\\/dynamic\\\/2009\\\/06\\\/02\\\/clarendon-cup-kids-ride-photos-up\\\/#webpage\"},\"articleSection\":\"Cycling, Clarendon Cup, Cycling, kids ride, Photos, race\"},{\"@type\":\"BreadcrumbList\",\"@id\":\"https:\\\/\\\/blacknell.net\\\/dynamic\\\/2009\\\/06\\\/02\\\/clarendon-cup-kids-ride-photos-up\\\/#breadcrumblist\",\"itemListElement\":[{\"@type\":\"ListItem\",\"@id\":\"https:\\\/\\\/blacknell.net\\\/dynamic#listItem\",\"position\":1,\"name\":\"Home\",\"item\":\"https:\\\/\\\/blacknell.net\\\/dynamic\",\"nextItem\":{\"@type\":\"ListItem\",\"@id\":\"https:\\\/\\\/blacknell.net\\\/dynamic\\\/category\\\/cycling\\\/#listItem\",\"name\":\"Cycling\"}},{\"@type\":\"ListItem\",\"@id\":\"https:\\\/\\\/blacknell.net\\\/dynamic\\\/category\\\/cycling\\\/#listItem\",\"position\":2,\"name\":\"Cycling\",\"item\":\"https:\\\/\\\/blacknell.net\\\/dynamic\\\/category\\\/cycling\\\/\",\"nextItem\":{\"@type\":\"ListItem\",\"@id\":\"https:\\\/\\\/blacknell.net\\\/dynamic\\\/2009\\\/06\\\/02\\\/clarendon-cup-kids-ride-photos-up\\\/#listItem\",\"name\":\"Clarendon Cup Kids Ride Photos Up\"},\"previousItem\":{\"@type\":\"ListItem\",\"@id\":\"https:\\\/\\\/blacknell.net\\\/dynamic#listItem\",\"name\":\"Home\"}},{\"@type\":\"ListItem\",\"@id\":\"https:\\\/\\\/blacknell.net\\\/dynamic\\\/2009\\\/06\\\/02\\\/clarendon-cup-kids-ride-photos-up\\\/#listItem\",\"position\":3,\"name\":\"Clarendon Cup Kids Ride Photos Up\",\"previousItem\":{\"@type\":\"ListItem\",\"@id\":\"https:\\\/\\\/blacknell.net\\\/dynamic\\\/category\\\/cycling\\\/#listItem\",\"name\":\"Cycling\"}}]},{\"@type\":\"Person\",\"@id\":\"https:\\\/\\\/blacknell.net\\\/dynamic\\\/#person\"},{\"@type\":\"Person\",\"@id\":\"https:\\\/\\\/blacknell.net\\\/dynamic\\\/author\\\/mb\\\/#author\",\"url\":\"https:\\\/\\\/blacknell.net\\\/dynamic\\\/author\\\/mb\\\/\",\"name\":\"MB\"},{\"@type\":\"WebPage\",\"@id\":\"https:\\\/\\\/blacknell.net\\\/dynamic\\\/2009\\\/06\\\/02\\\/clarendon-cup-kids-ride-photos-up\\\/#webpage\",\"url\":\"https:\\\/\\\/blacknell.net\\\/dynamic\\\/2009\\\/06\\\/02\\\/clarendon-cup-kids-ride-photos-up\\\/\",\"name\":\"Clarendon Cup Kids Ride Photos Up | Blacknell.net\",\"description\":\"As promised, I've posted a raw (unedited) stream of lo-res shots of the kids ride that took place during Sunday's Clarendon Cup races.\\u00c2 I posting these because I get a lot of search traffic looking for pictures of this ride.\\u00c2 \\u00c2 They are being posted under a Creative Commons attribution\\\/non-commercial license, so you're quite welcome do\",\"inLanguage\":\"en-US\",\"isPartOf\":{\"@id\":\"https:\\\/\\\/blacknell.net\\\/dynamic\\\/#website\"},\"breadcrumb\":{\"@id\":\"https:\\\/\\\/blacknell.net\\\/dynamic\\\/2009\\\/06\\\/02\\\/clarendon-cup-kids-ride-photos-up\\\/#breadcrumblist\"},\"author\":{\"@id\":\"https:\\\/\\\/blacknell.net\\\/dynamic\\\/author\\\/mb\\\/#author\"},\"creator\":{\"@id\":\"https:\\\/\\\/blacknell.net\\\/dynamic\\\/author\\\/mb\\\/#author\"},\"datePublished\":\"2009-06-02T22:00:13-04:00\",\"dateModified\":\"2009-06-02T22:00:53-04:00\"},{\"@type\":\"WebSite\",\"@id\":\"https:\\\/\\\/blacknell.net\\\/dynamic\\\/#website\",\"url\":\"https:\\\/\\\/blacknell.net\\\/dynamic\\\/\",\"name\":\"Blacknell.net\",\"description\":\"Politics, open government, and safe streets.  And the constant incursion of cycling.\",\"inLanguage\":\"en-US\",\"publisher\":{\"@id\":\"https:\\\/\\\/blacknell.net\\\/dynamic\\\/#person\"}}]}\n\t\t<\/script>\n\t\t<!-- All in One SEO -->\n\n","aioseo_head_json":{"title":"Clarendon Cup Kids Ride Photos Up | Blacknell.net","description":"As promised, I've posted a raw (unedited) stream of lo-res shots of the kids ride that took place during Sunday's Clarendon Cup races.\u00c2 I posting these because I get a lot of search traffic looking for pictures of this ride.\u00c2 \u00c2 They are being posted under a Creative Commons attribution\/non-commercial license, so you're quite welcome do","canonical_url":"https:\/\/blacknell.net\/dynamic\/2009\/06\/02\/clarendon-cup-kids-ride-photos-up\/","robots":"max-image-preview:large","keywords":"clarendon cup,cycling,kids ride,photos,race","webmasterTools":{"miscellaneous":""},"schema":{"@context":"https:\/\/schema.org","@graph":[{"@type":"Article","@id":"https:\/\/blacknell.net\/dynamic\/2009\/06\/02\/clarendon-cup-kids-ride-photos-up\/#article","name":"Clarendon Cup Kids Ride Photos Up | Blacknell.net","headline":"Clarendon Cup Kids Ride Photos Up","author":{"@id":"https:\/\/blacknell.net\/dynamic\/author\/mb\/#author"},"publisher":{"@id":"https:\/\/blacknell.net\/dynamic\/#person"},"datePublished":"2009-06-02T22:00:13-04:00","dateModified":"2009-06-02T22:00:53-04:00","inLanguage":"en-US","commentCount":2,"mainEntityOfPage":{"@id":"https:\/\/blacknell.net\/dynamic\/2009\/06\/02\/clarendon-cup-kids-ride-photos-up\/#webpage"},"isPartOf":{"@id":"https:\/\/blacknell.net\/dynamic\/2009\/06\/02\/clarendon-cup-kids-ride-photos-up\/#webpage"},"articleSection":"Cycling, Clarendon Cup, Cycling, kids ride, Photos, race"},{"@type":"BreadcrumbList","@id":"https:\/\/blacknell.net\/dynamic\/2009\/06\/02\/clarendon-cup-kids-ride-photos-up\/#breadcrumblist","itemListElement":[{"@type":"ListItem","@id":"https:\/\/blacknell.net\/dynamic#listItem","position":1,"name":"Home","item":"https:\/\/blacknell.net\/dynamic","nextItem":{"@type":"ListItem","@id":"https:\/\/blacknell.net\/dynamic\/category\/cycling\/#listItem","name":"Cycling"}},{"@type":"ListItem","@id":"https:\/\/blacknell.net\/dynamic\/category\/cycling\/#listItem","position":2,"name":"Cycling","item":"https:\/\/blacknell.net\/dynamic\/category\/cycling\/","nextItem":{"@type":"ListItem","@id":"https:\/\/blacknell.net\/dynamic\/2009\/06\/02\/clarendon-cup-kids-ride-photos-up\/#listItem","name":"Clarendon Cup Kids Ride Photos Up"},"previousItem":{"@type":"ListItem","@id":"https:\/\/blacknell.net\/dynamic#listItem","name":"Home"}},{"@type":"ListItem","@id":"https:\/\/blacknell.net\/dynamic\/2009\/06\/02\/clarendon-cup-kids-ride-photos-up\/#listItem","position":3,"name":"Clarendon Cup Kids Ride Photos Up","previousItem":{"@type":"ListItem","@id":"https:\/\/blacknell.net\/dynamic\/category\/cycling\/#listItem","name":"Cycling"}}]},{"@type":"Person","@id":"https:\/\/blacknell.net\/dynamic\/#person"},{"@type":"Person","@id":"https:\/\/blacknell.net\/dynamic\/author\/mb\/#author","url":"https:\/\/blacknell.net\/dynamic\/author\/mb\/","name":"MB"},{"@type":"WebPage","@id":"https:\/\/blacknell.net\/dynamic\/2009\/06\/02\/clarendon-cup-kids-ride-photos-up\/#webpage","url":"https:\/\/blacknell.net\/dynamic\/2009\/06\/02\/clarendon-cup-kids-ride-photos-up\/","name":"Clarendon Cup Kids Ride Photos Up | Blacknell.net","description":"As promised, I've posted a raw (unedited) stream of lo-res shots of the kids ride that took place during Sunday's Clarendon Cup races.\u00c2 I posting these because I get a lot of search traffic looking for pictures of this ride.\u00c2 \u00c2 They are being posted under a Creative Commons attribution\/non-commercial license, so you're quite welcome do","inLanguage":"en-US","isPartOf":{"@id":"https:\/\/blacknell.net\/dynamic\/#website"},"breadcrumb":{"@id":"https:\/\/blacknell.net\/dynamic\/2009\/06\/02\/clarendon-cup-kids-ride-photos-up\/#breadcrumblist"},"author":{"@id":"https:\/\/blacknell.net\/dynamic\/author\/mb\/#author"},"creator":{"@id":"https:\/\/blacknell.net\/dynamic\/author\/mb\/#author"},"datePublished":"2009-06-02T22:00:13-04:00","dateModified":"2009-06-02T22:00:53-04:00"},{"@type":"WebSite","@id":"https:\/\/blacknell.net\/dynamic\/#website","url":"https:\/\/blacknell.net\/dynamic\/","name":"Blacknell.net","description":"Politics, open government, and safe streets.  And the constant incursion of cycling.","inLanguage":"en-US","publisher":{"@id":"https:\/\/blacknell.net\/dynamic\/#person"}}]},"og:locale":"en_US","og:site_name":"Blacknell.net | Politics, open government, and safe streets.  And the constant incursion of cycling.","og:type":"article","og:title":"Clarendon Cup Kids Ride Photos Up | Blacknell.net","og:description":"As promised, I've posted a raw (unedited) stream of lo-res shots of the kids ride that took place during Sunday's Clarendon Cup races.\u00c2 I posting these because I get a lot of search traffic looking for pictures of this ride.\u00c2 \u00c2 They are being posted under a Creative Commons attribution\/non-commercial license, so you're quite welcome do","og:url":"https:\/\/blacknell.net\/dynamic\/2009\/06\/02\/clarendon-cup-kids-ride-photos-up\/","og:image":"https:\/\/blacknell.net\/dynamic\/wp-content\/uploads\/2023\/08\/IMG_2536.jpg","og:image:secure_url":"https:\/\/blacknell.net\/dynamic\/wp-content\/uploads\/2023\/08\/IMG_2536.jpg","og:image:width":1170,"og:image:height":1518,"article:published_time":"2009-06-03T02:00:13+00:00","article:modified_time":"2009-06-03T02:00:53+00:00","article:publisher":"https:\/\/www.facebook.com\/Blacknell\/","twitter:card":"summary","twitter:site":"@Blacknell","twitter:title":"Clarendon Cup Kids Ride Photos Up | Blacknell.net","twitter:description":"As promised, I've posted a raw (unedited) stream of lo-res shots of the kids ride that took place during Sunday's Clarendon Cup races.\u00c2 I posting these because I get a lot of search traffic looking for pictures of this ride.\u00c2 \u00c2 They are being posted under a Creative Commons attribution\/non-commercial license, so you're quite welcome do","twitter:creator":"@Blacknell","twitter:image":"https:\/\/blacknell.net\/dynamic\/wp-content\/uploads\/2023\/08\/IMG_2536.jpg"},"aioseo_meta_data":{"post_id":"3002","title":null,"description":null,"keywords":null,"keyphrases":null,"primary_term":null,"canonical_url":null,"og_title":null,"og_description":null,"og_object_type":"default","og_image_type":"default","og_image_url":null,"og_image_width":null,"og_image_height":null,"og_image_custom_url":null,"og_image_custom_fields":null,"og_video":null,"og_custom_url":null,"og_article_section":null,"og_article_tags":null,"twitter_use_og":false,"twitter_card":"default","twitter_image_type":"default","twitter_image_url":null,"twitter_image_custom_url":null,"twitter_image_custom_fields":null,"twitter_title":null,"twitter_description":null,"schema":{"blockGraphs":[],"customGraphs":[],"default":{"data":{"Article":[],"Course":[],"Dataset":[],"FAQPage":[],"Movie":[],"Person":[],"Product":[],"ProductReview":[],"Car":[],"Recipe":[],"Service":[],"SoftwareApplication":[],"WebPage":[]},"graphName":"","isEnabled":true},"graphs":[]},"schema_type":null,"schema_type_options":null,"pillar_content":false,"robots_default":true,"robots_noindex":false,"robots_noarchive":false,"robots_nosnippet":false,"robots_nofollow":false,"robots_noimageindex":false,"robots_noodp":false,"robots_notranslate":false,"robots_max_snippet":null,"robots_max_videopreview":null,"robots_max_imagepreview":"large","priority":null,"frequency":null,"location":null,"local_seo":null,"breadcrumb_settings":null,"limit_modified_date":false,"ai":null,"created":"2021-02-04 14:52:59","updated":"2025-12-10 04:16:54","seo_analyzer_scan_date":null,"focus_keyword":null,"additional_keywords":null,"truseo_locale":null},"aioseo_breadcrumb":"<div class=\"aioseo-breadcrumbs\"><span class=\"aioseo-breadcrumb\">\n\t\t\t<a href=\"https:\/\/blacknell.net\/dynamic\" title=\"Home\">Home<\/a>\n\t\t<\/span><span class=\"aioseo-breadcrumb-separator\">&raquo;<\/span><span class=\"aioseo-breadcrumb\">\n\t\t\t<a href=\"https:\/\/blacknell.net\/dynamic\/category\/cycling\/\" title=\"Cycling\">Cycling<\/a>\n\t\t<\/span><span class=\"aioseo-breadcrumb-separator\">&raquo;<\/span><span class=\"aioseo-breadcrumb\">\n\t\t\tClarendon Cup Kids Ride Photos Up\n\t\t<\/span><\/div>","aioseo_breadcrumb_json":[{"label":"Home","link":"https:\/\/blacknell.net\/dynamic"},{"label":"Cycling","link":"https:\/\/blacknell.net\/dynamic\/category\/cycling\/"},{"label":"Clarendon Cup Kids Ride Photos Up","link":"https:\/\/blacknell.net\/dynamic\/2009\/06\/02\/clarendon-cup-kids-ride-photos-up\/"}],"_links":{"self":[{"href":"https:\/\/blacknell.net\/dynamic\/wp-json\/wp\/v2\/posts\/3002","targetHints":{"allow":["GET"]}}],"collection":[{"href":"https:\/\/blacknell.net\/dynamic\/wp-json\/wp\/v2\/posts"}],"about":[{"href":"https:\/\/blacknell.net\/dynamic\/wp-json\/wp\/v2\/types\/post"}],"author":[{"embeddable":true,"href":"https:\/\/blacknell.net\/dynamic\/wp-json\/wp\/v2\/users\/2"}],"replies":[{"embeddable":true,"href":"https:\/\/blacknell.net\/dynamic\/wp-json\/wp\/v2\/comments?post=3002"}],"version-history":[{"count":2,"href":"https:\/\/blacknell.net\/dynamic\/wp-json\/wp\/v2\/posts\/3002\/revisions"}],"predecessor-version":[{"id":3004,"href":"https:\/\/blacknell.net\/dynamic\/wp-json\/wp\/v2\/posts\/3002\/revisions\/3004"}],"wp:attachment":[{"href":"https:\/\/blacknell.net\/dynamic\/wp-json\/wp\/v2\/media?parent=3002"}],"wp:term":[{"taxonomy":"category","embeddable":true,"href":"https:\/\/blacknell.net\/dynamic\/wp-json\/wp\/v2\/categories?post=3002"},{"taxonomy":"post_tag","embeddable":true,"href":"https:\/\/blacknell.net\/dynamic\/wp-json\/wp\/v2\/tags?post=3002"}],"curies":[{"name":"wp","href":"https:\/\/api.w.org\/{rel}","templated":true}]}}