{"id":3329,"date":"2009-10-05T23:41:52","date_gmt":"2009-10-06T03:41:52","guid":{"rendered":"https:\/\/blacknell.net\/dynamic\/?p=3329"},"modified":"2009-10-05T23:41:52","modified_gmt":"2009-10-06T03:41:52","slug":"biden-comes-to-town","status":"publish","type":"post","link":"https:\/\/blacknell.net\/dynamic\/2009\/10\/05\/biden-comes-to-town\/","title":{"rendered":"Biden Comes to Town"},"content":{"rendered":"<p>Looks like Vice President Joe Biden <a href=\"http:\/\/politicalticker.blogs.cnn.com\/2009\/10\/05\/biden-to-campaign-in-new-jersey-and-virginia\/\">will be coming to Virginia<\/a> for a bit of politicking.\u00c2\u00a0 I did recently get an invite for a reception with him and Creigh Deeds, for the low low price of $1000 per person.\u00c2\u00a0 Pass, thanks.\u00c2\u00a0 In any event, I wonder how well Biden will translate for VA politics.\u00c2\u00a0 Personally?\u00c2\u00a0 I like the guy.\u00c2\u00a0 Yes, he&#8217;s a little full of himself, but he doesn&#8217;t suffer fools gladly.\u00c2\u00a0 He&#8217;s also pretty goddamn smart.\u00c2\u00a0 And those, of course, are two strikes against any politician in Virginia.<\/p>\n","protected":false},"excerpt":{"rendered":"<p>Looks like Vice President Joe Biden will be coming to Virginia for a bit of politicking.\u00c2\u00a0 I did recently get an invite for a reception with him and Creigh Deeds, for the low low price of $1000 per person.\u00c2\u00a0 Pass, thanks.\u00c2\u00a0 In any event, I wonder how well Biden will translate for VA politics.\u00c2\u00a0 Personally?\u00c2\u00a0 [&hellip;]<\/p>\n","protected":false},"author":2,"featured_media":0,"comment_status":"open","ping_status":"open","sticky":false,"template":"","format":"standard","meta":{"_exactmetrics_skip_tracking":false,"ngg_post_thumbnail":0,"activitypub_content_warning":"","activitypub_content_visibility":"","activitypub_max_image_attachments":4,"activitypub_interaction_policy_quote":"anyone","activitypub_status":"","footnotes":""},"categories":[8,11],"tags":[],"class_list":["post-3329","post","type-post","status-publish","format-standard","hentry","category-politics","category-virginia"],"aioseo_notices":[],"aioseo_head":"\n\t\t<!-- All in One SEO 5.0.1 - aioseo.com -->\n\t<meta name=\"description\" content=\"Looks like Vice President Joe Biden will be coming to Virginia for a bit of politicking.\u00c2 I did recently get an invite for a reception with him and Creigh Deeds, for the low low price of $1000 per person.\u00c2 Pass, thanks.\u00c2 In any event, I wonder how well Biden will translate for VA politics.\u00c2 Personally?\u00c2\" \/>\n\t<meta name=\"robots\" content=\"max-image-preview:large\" \/>\n\t<meta name=\"author\" content=\"MB\"\/>\n\t<meta name=\"keywords\" content=\"politics,virginia\" \/>\n\t<link rel=\"canonical\" href=\"https:\/\/blacknell.net\/dynamic\/2009\/10\/05\/biden-comes-to-town\/\" \/>\n\t<meta name=\"generator\" content=\"All in One SEO (AIOSEO) 5.0.1\" \/>\n\t\t<meta property=\"og:locale\" content=\"en_US\" \/>\n\t\t<meta property=\"og:site_name\" content=\"Blacknell.net | Politics, open government, and safe streets.  And the constant incursion of cycling.\" \/>\n\t\t<meta property=\"og:type\" content=\"article\" \/>\n\t\t<meta property=\"og:title\" content=\"Biden Comes to Town | Blacknell.net\" \/>\n\t\t<meta property=\"og:description\" content=\"Looks like Vice President Joe Biden will be coming to Virginia for a bit of politicking.\u00c2 I did recently get an invite for a reception with him and Creigh Deeds, for the low low price of $1000 per person.\u00c2 Pass, thanks.\u00c2 In any event, I wonder how well Biden will translate for VA politics.\u00c2 Personally?\u00c2\" \/>\n\t\t<meta property=\"og:url\" content=\"https:\/\/blacknell.net\/dynamic\/2009\/10\/05\/biden-comes-to-town\/\" \/>\n\t\t<meta property=\"og:image\" content=\"https:\/\/blacknell.net\/dynamic\/wp-content\/uploads\/2023\/08\/IMG_2536.jpg\" \/>\n\t\t<meta property=\"og:image:secure_url\" content=\"https:\/\/blacknell.net\/dynamic\/wp-content\/uploads\/2023\/08\/IMG_2536.jpg\" \/>\n\t\t<meta property=\"og:image:width\" content=\"1170\" \/>\n\t\t<meta property=\"og:image:height\" content=\"1518\" \/>\n\t\t<meta property=\"article:published_time\" content=\"2009-10-06T03:41:52+00:00\" \/>\n\t\t<meta property=\"article:modified_time\" content=\"2009-10-06T03:41:52+00:00\" \/>\n\t\t<meta property=\"article:publisher\" content=\"https:\/\/www.facebook.com\/Blacknell\/\" \/>\n\t\t<meta name=\"twitter:card\" content=\"summary\" \/>\n\t\t<meta name=\"twitter:site\" content=\"@Blacknell\" \/>\n\t\t<meta name=\"twitter:title\" content=\"Biden Comes to Town | Blacknell.net\" \/>\n\t\t<meta name=\"twitter:description\" content=\"Looks like Vice President Joe Biden will be coming to Virginia for a bit of politicking.\u00c2 I did recently get an invite for a reception with him and Creigh Deeds, for the low low price of $1000 per person.\u00c2 Pass, thanks.\u00c2 In any event, I wonder how well Biden will translate for VA politics.\u00c2 Personally?\u00c2\" \/>\n\t\t<meta name=\"twitter:creator\" content=\"@Blacknell\" \/>\n\t\t<meta name=\"twitter:image\" content=\"https:\/\/blacknell.net\/dynamic\/wp-content\/uploads\/2023\/08\/IMG_2536.jpg\" \/>\n\t\t<script type=\"application\/ld+json\" class=\"aioseo-schema\">\n\t\t\t{\"@context\":\"https:\\\/\\\/schema.org\",\"@graph\":[{\"@type\":\"Article\",\"@id\":\"https:\\\/\\\/blacknell.net\\\/dynamic\\\/2009\\\/10\\\/05\\\/biden-comes-to-town\\\/#article\",\"name\":\"Biden Comes to Town | Blacknell.net\",\"headline\":\"Biden Comes to Town\",\"author\":{\"@id\":\"https:\\\/\\\/blacknell.net\\\/dynamic\\\/author\\\/mb\\\/#author\"},\"publisher\":{\"@id\":\"https:\\\/\\\/blacknell.net\\\/dynamic\\\/#person\"},\"datePublished\":\"2009-10-05T23:41:52-04:00\",\"dateModified\":\"2009-10-05T23:41:52-04:00\",\"inLanguage\":\"en-US\",\"commentCount\":2,\"mainEntityOfPage\":{\"@id\":\"https:\\\/\\\/blacknell.net\\\/dynamic\\\/2009\\\/10\\\/05\\\/biden-comes-to-town\\\/#webpage\"},\"isPartOf\":{\"@id\":\"https:\\\/\\\/blacknell.net\\\/dynamic\\\/2009\\\/10\\\/05\\\/biden-comes-to-town\\\/#webpage\"},\"articleSection\":\"Politics, Virginia\"},{\"@type\":\"BreadcrumbList\",\"@id\":\"https:\\\/\\\/blacknell.net\\\/dynamic\\\/2009\\\/10\\\/05\\\/biden-comes-to-town\\\/#breadcrumblist\",\"itemListElement\":[{\"@type\":\"ListItem\",\"@id\":\"https:\\\/\\\/blacknell.net\\\/dynamic#listItem\",\"position\":1,\"name\":\"Home\",\"item\":\"https:\\\/\\\/blacknell.net\\\/dynamic\",\"nextItem\":{\"@type\":\"ListItem\",\"@id\":\"https:\\\/\\\/blacknell.net\\\/dynamic\\\/category\\\/politics\\\/#listItem\",\"name\":\"Politics\"}},{\"@type\":\"ListItem\",\"@id\":\"https:\\\/\\\/blacknell.net\\\/dynamic\\\/category\\\/politics\\\/#listItem\",\"position\":2,\"name\":\"Politics\",\"item\":\"https:\\\/\\\/blacknell.net\\\/dynamic\\\/category\\\/politics\\\/\",\"nextItem\":{\"@type\":\"ListItem\",\"@id\":\"https:\\\/\\\/blacknell.net\\\/dynamic\\\/2009\\\/10\\\/05\\\/biden-comes-to-town\\\/#listItem\",\"name\":\"Biden Comes to Town\"},\"previousItem\":{\"@type\":\"ListItem\",\"@id\":\"https:\\\/\\\/blacknell.net\\\/dynamic#listItem\",\"name\":\"Home\"}},{\"@type\":\"ListItem\",\"@id\":\"https:\\\/\\\/blacknell.net\\\/dynamic\\\/2009\\\/10\\\/05\\\/biden-comes-to-town\\\/#listItem\",\"position\":3,\"name\":\"Biden Comes to Town\",\"previousItem\":{\"@type\":\"ListItem\",\"@id\":\"https:\\\/\\\/blacknell.net\\\/dynamic\\\/category\\\/politics\\\/#listItem\",\"name\":\"Politics\"}}]},{\"@type\":\"Person\",\"@id\":\"https:\\\/\\\/blacknell.net\\\/dynamic\\\/#person\"},{\"@type\":\"Person\",\"@id\":\"https:\\\/\\\/blacknell.net\\\/dynamic\\\/author\\\/mb\\\/#author\",\"url\":\"https:\\\/\\\/blacknell.net\\\/dynamic\\\/author\\\/mb\\\/\",\"name\":\"MB\"},{\"@type\":\"WebPage\",\"@id\":\"https:\\\/\\\/blacknell.net\\\/dynamic\\\/2009\\\/10\\\/05\\\/biden-comes-to-town\\\/#webpage\",\"url\":\"https:\\\/\\\/blacknell.net\\\/dynamic\\\/2009\\\/10\\\/05\\\/biden-comes-to-town\\\/\",\"name\":\"Biden Comes to Town | Blacknell.net\",\"description\":\"Looks like Vice President Joe Biden will be coming to Virginia for a bit of politicking.\\u00c2 I did recently get an invite for a reception with him and Creigh Deeds, for the low low price of $1000 per person.\\u00c2 Pass, thanks.\\u00c2 In any event, I wonder how well Biden will translate for VA politics.\\u00c2 Personally?\\u00c2\",\"inLanguage\":\"en-US\",\"isPartOf\":{\"@id\":\"https:\\\/\\\/blacknell.net\\\/dynamic\\\/#website\"},\"breadcrumb\":{\"@id\":\"https:\\\/\\\/blacknell.net\\\/dynamic\\\/2009\\\/10\\\/05\\\/biden-comes-to-town\\\/#breadcrumblist\"},\"author\":{\"@id\":\"https:\\\/\\\/blacknell.net\\\/dynamic\\\/author\\\/mb\\\/#author\"},\"creator\":{\"@id\":\"https:\\\/\\\/blacknell.net\\\/dynamic\\\/author\\\/mb\\\/#author\"},\"datePublished\":\"2009-10-05T23:41:52-04:00\",\"dateModified\":\"2009-10-05T23:41:52-04:00\"},{\"@type\":\"WebSite\",\"@id\":\"https:\\\/\\\/blacknell.net\\\/dynamic\\\/#website\",\"url\":\"https:\\\/\\\/blacknell.net\\\/dynamic\\\/\",\"name\":\"Blacknell.net\",\"description\":\"Politics, open government, and safe streets.  And the constant incursion of cycling.\",\"inLanguage\":\"en-US\",\"publisher\":{\"@id\":\"https:\\\/\\\/blacknell.net\\\/dynamic\\\/#person\"}}]}\n\t\t<\/script>\n\t\t<!-- All in One SEO -->\n\n","aioseo_head_json":{"title":"Biden Comes to Town | Blacknell.net","description":"Looks like Vice President Joe Biden will be coming to Virginia for a bit of politicking.\u00c2 I did recently get an invite for a reception with him and Creigh Deeds, for the low low price of $1000 per person.\u00c2 Pass, thanks.\u00c2 In any event, I wonder how well Biden will translate for VA politics.\u00c2 Personally?\u00c2","canonical_url":"https:\/\/blacknell.net\/dynamic\/2009\/10\/05\/biden-comes-to-town\/","robots":"max-image-preview:large","keywords":"politics,virginia","webmasterTools":{"miscellaneous":""},"schema":{"@context":"https:\/\/schema.org","@graph":[{"@type":"Article","@id":"https:\/\/blacknell.net\/dynamic\/2009\/10\/05\/biden-comes-to-town\/#article","name":"Biden Comes to Town | Blacknell.net","headline":"Biden Comes to Town","author":{"@id":"https:\/\/blacknell.net\/dynamic\/author\/mb\/#author"},"publisher":{"@id":"https:\/\/blacknell.net\/dynamic\/#person"},"datePublished":"2009-10-05T23:41:52-04:00","dateModified":"2009-10-05T23:41:52-04:00","inLanguage":"en-US","commentCount":2,"mainEntityOfPage":{"@id":"https:\/\/blacknell.net\/dynamic\/2009\/10\/05\/biden-comes-to-town\/#webpage"},"isPartOf":{"@id":"https:\/\/blacknell.net\/dynamic\/2009\/10\/05\/biden-comes-to-town\/#webpage"},"articleSection":"Politics, Virginia"},{"@type":"BreadcrumbList","@id":"https:\/\/blacknell.net\/dynamic\/2009\/10\/05\/biden-comes-to-town\/#breadcrumblist","itemListElement":[{"@type":"ListItem","@id":"https:\/\/blacknell.net\/dynamic#listItem","position":1,"name":"Home","item":"https:\/\/blacknell.net\/dynamic","nextItem":{"@type":"ListItem","@id":"https:\/\/blacknell.net\/dynamic\/category\/politics\/#listItem","name":"Politics"}},{"@type":"ListItem","@id":"https:\/\/blacknell.net\/dynamic\/category\/politics\/#listItem","position":2,"name":"Politics","item":"https:\/\/blacknell.net\/dynamic\/category\/politics\/","nextItem":{"@type":"ListItem","@id":"https:\/\/blacknell.net\/dynamic\/2009\/10\/05\/biden-comes-to-town\/#listItem","name":"Biden Comes to Town"},"previousItem":{"@type":"ListItem","@id":"https:\/\/blacknell.net\/dynamic#listItem","name":"Home"}},{"@type":"ListItem","@id":"https:\/\/blacknell.net\/dynamic\/2009\/10\/05\/biden-comes-to-town\/#listItem","position":3,"name":"Biden Comes to Town","previousItem":{"@type":"ListItem","@id":"https:\/\/blacknell.net\/dynamic\/category\/politics\/#listItem","name":"Politics"}}]},{"@type":"Person","@id":"https:\/\/blacknell.net\/dynamic\/#person"},{"@type":"Person","@id":"https:\/\/blacknell.net\/dynamic\/author\/mb\/#author","url":"https:\/\/blacknell.net\/dynamic\/author\/mb\/","name":"MB"},{"@type":"WebPage","@id":"https:\/\/blacknell.net\/dynamic\/2009\/10\/05\/biden-comes-to-town\/#webpage","url":"https:\/\/blacknell.net\/dynamic\/2009\/10\/05\/biden-comes-to-town\/","name":"Biden Comes to Town | Blacknell.net","description":"Looks like Vice President Joe Biden will be coming to Virginia for a bit of politicking.\u00c2 I did recently get an invite for a reception with him and Creigh Deeds, for the low low price of $1000 per person.\u00c2 Pass, thanks.\u00c2 In any event, I wonder how well Biden will translate for VA politics.\u00c2 Personally?\u00c2","inLanguage":"en-US","isPartOf":{"@id":"https:\/\/blacknell.net\/dynamic\/#website"},"breadcrumb":{"@id":"https:\/\/blacknell.net\/dynamic\/2009\/10\/05\/biden-comes-to-town\/#breadcrumblist"},"author":{"@id":"https:\/\/blacknell.net\/dynamic\/author\/mb\/#author"},"creator":{"@id":"https:\/\/blacknell.net\/dynamic\/author\/mb\/#author"},"datePublished":"2009-10-05T23:41:52-04:00","dateModified":"2009-10-05T23:41:52-04:00"},{"@type":"WebSite","@id":"https:\/\/blacknell.net\/dynamic\/#website","url":"https:\/\/blacknell.net\/dynamic\/","name":"Blacknell.net","description":"Politics, open government, and safe streets.  And the constant incursion of cycling.","inLanguage":"en-US","publisher":{"@id":"https:\/\/blacknell.net\/dynamic\/#person"}}]},"og:locale":"en_US","og:site_name":"Blacknell.net | Politics, open government, and safe streets.  And the constant incursion of cycling.","og:type":"article","og:title":"Biden Comes to Town | Blacknell.net","og:description":"Looks like Vice President Joe Biden will be coming to Virginia for a bit of politicking.\u00c2 I did recently get an invite for a reception with him and Creigh Deeds, for the low low price of $1000 per person.\u00c2 Pass, thanks.\u00c2 In any event, I wonder how well Biden will translate for VA politics.\u00c2 Personally?\u00c2","og:url":"https:\/\/blacknell.net\/dynamic\/2009\/10\/05\/biden-comes-to-town\/","og:image":"https:\/\/blacknell.net\/dynamic\/wp-content\/uploads\/2023\/08\/IMG_2536.jpg","og:image:secure_url":"https:\/\/blacknell.net\/dynamic\/wp-content\/uploads\/2023\/08\/IMG_2536.jpg","og:image:width":1170,"og:image:height":1518,"article:published_time":"2009-10-06T03:41:52+00:00","article:modified_time":"2009-10-06T03:41:52+00:00","article:publisher":"https:\/\/www.facebook.com\/Blacknell\/","twitter:card":"summary","twitter:site":"@Blacknell","twitter:title":"Biden Comes to Town | Blacknell.net","twitter:description":"Looks like Vice President Joe Biden will be coming to Virginia for a bit of politicking.\u00c2 I did recently get an invite for a reception with him and Creigh Deeds, for the low low price of $1000 per person.\u00c2 Pass, thanks.\u00c2 In any event, I wonder how well Biden will translate for VA politics.\u00c2 Personally?\u00c2","twitter:creator":"@Blacknell","twitter:image":"https:\/\/blacknell.net\/dynamic\/wp-content\/uploads\/2023\/08\/IMG_2536.jpg"},"aioseo_meta_data":{"post_id":"3329","title":null,"description":null,"keywords":null,"keyphrases":null,"primary_term":null,"canonical_url":null,"og_title":null,"og_description":null,"og_object_type":"default","og_image_type":"default","og_image_url":null,"og_image_width":null,"og_image_height":null,"og_image_custom_url":null,"og_image_custom_fields":null,"og_video":null,"og_custom_url":null,"og_article_section":null,"og_article_tags":null,"twitter_use_og":false,"twitter_card":"default","twitter_image_type":"default","twitter_image_url":null,"twitter_image_custom_url":null,"twitter_image_custom_fields":null,"twitter_title":null,"twitter_description":null,"schema":{"blockGraphs":[],"customGraphs":[],"default":{"data":{"Article":[],"Course":[],"Dataset":[],"FAQPage":[],"Movie":[],"Person":[],"Product":[],"ProductReview":[],"Car":[],"Recipe":[],"Service":[],"SoftwareApplication":[],"WebPage":[]},"graphName":"Article","isEnabled":true},"graphs":[]},"schema_type":null,"schema_type_options":null,"pillar_content":false,"robots_default":true,"robots_noindex":false,"robots_noarchive":false,"robots_nosnippet":false,"robots_nofollow":false,"robots_noimageindex":false,"robots_noodp":false,"robots_notranslate":false,"robots_max_snippet":null,"robots_max_videopreview":null,"robots_max_imagepreview":"large","priority":null,"frequency":null,"location":null,"local_seo":null,"breadcrumb_settings":null,"limit_modified_date":false,"ai":null,"created":"2021-02-04 14:49:32","updated":"2025-12-10 04:33:07","seo_analyzer_scan_date":null,"focus_keyword":null,"additional_keywords":null,"truseo_locale":null},"aioseo_breadcrumb":"<div class=\"aioseo-breadcrumbs\"><span class=\"aioseo-breadcrumb\">\n\t\t\t<a href=\"https:\/\/blacknell.net\/dynamic\" title=\"Home\">Home<\/a>\n\t\t<\/span><span class=\"aioseo-breadcrumb-separator\">&raquo;<\/span><span class=\"aioseo-breadcrumb\">\n\t\t\t<a href=\"https:\/\/blacknell.net\/dynamic\/category\/politics\/\" title=\"Politics\">Politics<\/a>\n\t\t<\/span><span class=\"aioseo-breadcrumb-separator\">&raquo;<\/span><span class=\"aioseo-breadcrumb\">\n\t\t\tBiden Comes to Town\n\t\t<\/span><\/div>","aioseo_breadcrumb_json":[{"label":"Home","link":"https:\/\/blacknell.net\/dynamic"},{"label":"Politics","link":"https:\/\/blacknell.net\/dynamic\/category\/politics\/"},{"label":"Biden Comes to Town","link":"https:\/\/blacknell.net\/dynamic\/2009\/10\/05\/biden-comes-to-town\/"}],"_links":{"self":[{"href":"https:\/\/blacknell.net\/dynamic\/wp-json\/wp\/v2\/posts\/3329","targetHints":{"allow":["GET"]}}],"collection":[{"href":"https:\/\/blacknell.net\/dynamic\/wp-json\/wp\/v2\/posts"}],"about":[{"href":"https:\/\/blacknell.net\/dynamic\/wp-json\/wp\/v2\/types\/post"}],"author":[{"embeddable":true,"href":"https:\/\/blacknell.net\/dynamic\/wp-json\/wp\/v2\/users\/2"}],"replies":[{"embeddable":true,"href":"https:\/\/blacknell.net\/dynamic\/wp-json\/wp\/v2\/comments?post=3329"}],"version-history":[{"count":1,"href":"https:\/\/blacknell.net\/dynamic\/wp-json\/wp\/v2\/posts\/3329\/revisions"}],"predecessor-version":[{"id":3330,"href":"https:\/\/blacknell.net\/dynamic\/wp-json\/wp\/v2\/posts\/3329\/revisions\/3330"}],"wp:attachment":[{"href":"https:\/\/blacknell.net\/dynamic\/wp-json\/wp\/v2\/media?parent=3329"}],"wp:term":[{"taxonomy":"category","embeddable":true,"href":"https:\/\/blacknell.net\/dynamic\/wp-json\/wp\/v2\/categories?post=3329"},{"taxonomy":"post_tag","embeddable":true,"href":"https:\/\/blacknell.net\/dynamic\/wp-json\/wp\/v2\/tags?post=3329"}],"curies":[{"name":"wp","href":"https:\/\/api.w.org\/{rel}","templated":true}]}}