{"id":3516,"date":"2009-11-30T22:43:34","date_gmt":"2009-12-01T02:43:34","guid":{"rendered":"https:\/\/blacknell.net\/dynamic\/?p=3516"},"modified":"2009-11-30T22:43:34","modified_gmt":"2009-12-01T02:43:34","slug":"on-the-lie-that-is-fiscal-conservative","status":"publish","type":"post","link":"https:\/\/blacknell.net\/dynamic\/2009\/11\/30\/on-the-lie-that-is-fiscal-conservative\/","title":{"rendered":"On The Lie That Is &#8220;Fiscal Conservative&#8221;"},"content":{"rendered":"<p>I used to bang my head against the wall every time I heard someone say &#8220;I&#8217;m a social liberal and a fiscal conservative.&#8221;\u00c2\u00a0 And then I realized I was going to need my brain for (hopefully) another 50 years.\u00c2\u00a0 But <a href=\"http:\/\/mediamatters.org\/blog\/200911300029\">silly shit like this<\/a> is the origin of that problem.\u00c2\u00a0 There are, in reality, *very* few &#8220;fiscal conservatives&#8221; (in a literal reading of the phrase) in elected office.\u00c2\u00a0 Rather, the phrase identifies those that cite spending\/deficit\/tax concerns as a reason to oppose most any social spending.\u00c2\u00a0 If you look at the records of the vast majority of these self-proclaimed &#8220;fiscal conservatives&#8221;, you&#8217;ll see that they go in &#8211; whole hog &#8211; for defense spending, farm subsidies, and tax cuts as if they&#8217;ve never encountered the idea of responsibility for balancing the books.\u00c2\u00a0 There&#8217;s no inherent fiscal conservatism there.\u00c2\u00a0 It&#8217;s simply someone who has latched onto a popular phrase to dishonestly explain away his behavior.<\/p>\n","protected":false},"excerpt":{"rendered":"<p>I used to bang my head against the wall every time I heard someone say &#8220;I&#8217;m a social liberal and a fiscal conservative.&#8221;\u00c2\u00a0 And then I realized I was going to need my brain for (hopefully) another 50 years.\u00c2\u00a0 But silly shit like this is the origin of that problem.\u00c2\u00a0 There are, in reality, *very* [&hellip;]<\/p>\n","protected":false},"author":2,"featured_media":0,"comment_status":"open","ping_status":"open","sticky":false,"template":"","format":"standard","meta":{"_exactmetrics_skip_tracking":false,"ngg_post_thumbnail":0,"activitypub_content_warning":"","activitypub_content_visibility":"","activitypub_max_image_attachments":4,"activitypub_interaction_policy_quote":"anyone","activitypub_status":"","footnotes":""},"categories":[8,3],"tags":[],"class_list":["post-3516","post","type-post","status-publish","format-standard","hentry","category-politics","category-society"],"aioseo_notices":[],"aioseo_head":"\n\t\t<!-- All in One SEO 5.0.1 - aioseo.com -->\n\t<meta name=\"description\" content=\"I used to bang my head against the wall every time I heard someone say &quot;I&#039;m a social liberal and a fiscal conservative.&quot;\u00c2 And then I realized I was going to need my brain for (hopefully) another 50 years.\u00c2 But silly shit like this is the origin of that problem.\u00c2 There are, in reality, *very*\" \/>\n\t<meta name=\"robots\" content=\"max-image-preview:large\" \/>\n\t<meta name=\"author\" content=\"MB\"\/>\n\t<meta name=\"keywords\" content=\"politics,society\" \/>\n\t<link rel=\"canonical\" href=\"https:\/\/blacknell.net\/dynamic\/2009\/11\/30\/on-the-lie-that-is-fiscal-conservative\/\" \/>\n\t<meta name=\"generator\" content=\"All in One SEO (AIOSEO) 5.0.1\" \/>\n\t\t<meta property=\"og:locale\" content=\"en_US\" \/>\n\t\t<meta property=\"og:site_name\" content=\"Blacknell.net | Politics, open government, and safe streets.  And the constant incursion of cycling.\" \/>\n\t\t<meta property=\"og:type\" content=\"article\" \/>\n\t\t<meta property=\"og:title\" content=\"On The Lie That Is \u201cFiscal Conservative\u201d | Blacknell.net\" \/>\n\t\t<meta property=\"og:description\" content=\"I used to bang my head against the wall every time I heard someone say &quot;I&#039;m a social liberal and a fiscal conservative.&quot;\u00c2 And then I realized I was going to need my brain for (hopefully) another 50 years.\u00c2 But silly shit like this is the origin of that problem.\u00c2 There are, in reality, *very*\" \/>\n\t\t<meta property=\"og:url\" content=\"https:\/\/blacknell.net\/dynamic\/2009\/11\/30\/on-the-lie-that-is-fiscal-conservative\/\" \/>\n\t\t<meta property=\"og:image\" content=\"https:\/\/blacknell.net\/dynamic\/wp-content\/uploads\/2023\/08\/IMG_2536.jpg\" \/>\n\t\t<meta property=\"og:image:secure_url\" content=\"https:\/\/blacknell.net\/dynamic\/wp-content\/uploads\/2023\/08\/IMG_2536.jpg\" \/>\n\t\t<meta property=\"og:image:width\" content=\"1170\" \/>\n\t\t<meta property=\"og:image:height\" content=\"1518\" \/>\n\t\t<meta property=\"article:published_time\" content=\"2009-12-01T02:43:34+00:00\" \/>\n\t\t<meta property=\"article:modified_time\" content=\"2009-12-01T02:43:34+00:00\" \/>\n\t\t<meta property=\"article:publisher\" content=\"https:\/\/www.facebook.com\/Blacknell\/\" \/>\n\t\t<meta name=\"twitter:card\" content=\"summary\" \/>\n\t\t<meta name=\"twitter:site\" content=\"@Blacknell\" \/>\n\t\t<meta name=\"twitter:title\" content=\"On The Lie That Is \u201cFiscal Conservative\u201d | Blacknell.net\" \/>\n\t\t<meta name=\"twitter:description\" content=\"I used to bang my head against the wall every time I heard someone say &quot;I&#039;m a social liberal and a fiscal conservative.&quot;\u00c2 And then I realized I was going to need my brain for (hopefully) another 50 years.\u00c2 But silly shit like this is the origin of that problem.\u00c2 There are, in reality, *very*\" \/>\n\t\t<meta name=\"twitter:creator\" content=\"@Blacknell\" \/>\n\t\t<meta name=\"twitter:image\" content=\"https:\/\/blacknell.net\/dynamic\/wp-content\/uploads\/2023\/08\/IMG_2536.jpg\" \/>\n\t\t<script type=\"application\/ld+json\" class=\"aioseo-schema\">\n\t\t\t{\"@context\":\"https:\\\/\\\/schema.org\",\"@graph\":[{\"@type\":\"Article\",\"@id\":\"https:\\\/\\\/blacknell.net\\\/dynamic\\\/2009\\\/11\\\/30\\\/on-the-lie-that-is-fiscal-conservative\\\/#article\",\"name\":\"On The Lie That Is \\u201cFiscal Conservative\\u201d | Blacknell.net\",\"headline\":\"On The Lie That Is &#8220;Fiscal Conservative&#8221;\",\"author\":{\"@id\":\"https:\\\/\\\/blacknell.net\\\/dynamic\\\/author\\\/mb\\\/#author\"},\"publisher\":{\"@id\":\"https:\\\/\\\/blacknell.net\\\/dynamic\\\/#person\"},\"datePublished\":\"2009-11-30T22:43:34-04:00\",\"dateModified\":\"2009-11-30T22:43:34-04:00\",\"inLanguage\":\"en-US\",\"commentCount\":5,\"mainEntityOfPage\":{\"@id\":\"https:\\\/\\\/blacknell.net\\\/dynamic\\\/2009\\\/11\\\/30\\\/on-the-lie-that-is-fiscal-conservative\\\/#webpage\"},\"isPartOf\":{\"@id\":\"https:\\\/\\\/blacknell.net\\\/dynamic\\\/2009\\\/11\\\/30\\\/on-the-lie-that-is-fiscal-conservative\\\/#webpage\"},\"articleSection\":\"Politics, Society\"},{\"@type\":\"BreadcrumbList\",\"@id\":\"https:\\\/\\\/blacknell.net\\\/dynamic\\\/2009\\\/11\\\/30\\\/on-the-lie-that-is-fiscal-conservative\\\/#breadcrumblist\",\"itemListElement\":[{\"@type\":\"ListItem\",\"@id\":\"https:\\\/\\\/blacknell.net\\\/dynamic#listItem\",\"position\":1,\"name\":\"Home\",\"item\":\"https:\\\/\\\/blacknell.net\\\/dynamic\",\"nextItem\":{\"@type\":\"ListItem\",\"@id\":\"https:\\\/\\\/blacknell.net\\\/dynamic\\\/category\\\/society\\\/#listItem\",\"name\":\"Society\"}},{\"@type\":\"ListItem\",\"@id\":\"https:\\\/\\\/blacknell.net\\\/dynamic\\\/category\\\/society\\\/#listItem\",\"position\":2,\"name\":\"Society\",\"item\":\"https:\\\/\\\/blacknell.net\\\/dynamic\\\/category\\\/society\\\/\",\"nextItem\":{\"@type\":\"ListItem\",\"@id\":\"https:\\\/\\\/blacknell.net\\\/dynamic\\\/2009\\\/11\\\/30\\\/on-the-lie-that-is-fiscal-conservative\\\/#listItem\",\"name\":\"On The Lie That Is &#8220;Fiscal Conservative&#8221;\"},\"previousItem\":{\"@type\":\"ListItem\",\"@id\":\"https:\\\/\\\/blacknell.net\\\/dynamic#listItem\",\"name\":\"Home\"}},{\"@type\":\"ListItem\",\"@id\":\"https:\\\/\\\/blacknell.net\\\/dynamic\\\/2009\\\/11\\\/30\\\/on-the-lie-that-is-fiscal-conservative\\\/#listItem\",\"position\":3,\"name\":\"On The Lie That Is &#8220;Fiscal Conservative&#8221;\",\"previousItem\":{\"@type\":\"ListItem\",\"@id\":\"https:\\\/\\\/blacknell.net\\\/dynamic\\\/category\\\/society\\\/#listItem\",\"name\":\"Society\"}}]},{\"@type\":\"Person\",\"@id\":\"https:\\\/\\\/blacknell.net\\\/dynamic\\\/#person\"},{\"@type\":\"Person\",\"@id\":\"https:\\\/\\\/blacknell.net\\\/dynamic\\\/author\\\/mb\\\/#author\",\"url\":\"https:\\\/\\\/blacknell.net\\\/dynamic\\\/author\\\/mb\\\/\",\"name\":\"MB\"},{\"@type\":\"WebPage\",\"@id\":\"https:\\\/\\\/blacknell.net\\\/dynamic\\\/2009\\\/11\\\/30\\\/on-the-lie-that-is-fiscal-conservative\\\/#webpage\",\"url\":\"https:\\\/\\\/blacknell.net\\\/dynamic\\\/2009\\\/11\\\/30\\\/on-the-lie-that-is-fiscal-conservative\\\/\",\"name\":\"On The Lie That Is \\u201cFiscal Conservative\\u201d | Blacknell.net\",\"description\":\"I used to bang my head against the wall every time I heard someone say \\\"I'm a social liberal and a fiscal conservative.\\\"\\u00c2 And then I realized I was going to need my brain for (hopefully) another 50 years.\\u00c2 But silly shit like this is the origin of that problem.\\u00c2 There are, in reality, *very*\",\"inLanguage\":\"en-US\",\"isPartOf\":{\"@id\":\"https:\\\/\\\/blacknell.net\\\/dynamic\\\/#website\"},\"breadcrumb\":{\"@id\":\"https:\\\/\\\/blacknell.net\\\/dynamic\\\/2009\\\/11\\\/30\\\/on-the-lie-that-is-fiscal-conservative\\\/#breadcrumblist\"},\"author\":{\"@id\":\"https:\\\/\\\/blacknell.net\\\/dynamic\\\/author\\\/mb\\\/#author\"},\"creator\":{\"@id\":\"https:\\\/\\\/blacknell.net\\\/dynamic\\\/author\\\/mb\\\/#author\"},\"datePublished\":\"2009-11-30T22:43:34-04:00\",\"dateModified\":\"2009-11-30T22:43:34-04:00\"},{\"@type\":\"WebSite\",\"@id\":\"https:\\\/\\\/blacknell.net\\\/dynamic\\\/#website\",\"url\":\"https:\\\/\\\/blacknell.net\\\/dynamic\\\/\",\"name\":\"Blacknell.net\",\"description\":\"Politics, open government, and safe streets.  And the constant incursion of cycling.\",\"inLanguage\":\"en-US\",\"publisher\":{\"@id\":\"https:\\\/\\\/blacknell.net\\\/dynamic\\\/#person\"}}]}\n\t\t<\/script>\n\t\t<!-- All in One SEO -->\n\n","aioseo_head_json":{"title":"On The Lie That Is \u201cFiscal Conservative\u201d | Blacknell.net","description":"I used to bang my head against the wall every time I heard someone say \"I'm a social liberal and a fiscal conservative.\"\u00c2 And then I realized I was going to need my brain for (hopefully) another 50 years.\u00c2 But silly shit like this is the origin of that problem.\u00c2 There are, in reality, *very*","canonical_url":"https:\/\/blacknell.net\/dynamic\/2009\/11\/30\/on-the-lie-that-is-fiscal-conservative\/","robots":"max-image-preview:large","keywords":"politics,society","webmasterTools":{"miscellaneous":""},"schema":{"@context":"https:\/\/schema.org","@graph":[{"@type":"Article","@id":"https:\/\/blacknell.net\/dynamic\/2009\/11\/30\/on-the-lie-that-is-fiscal-conservative\/#article","name":"On The Lie That Is \u201cFiscal Conservative\u201d | Blacknell.net","headline":"On The Lie That Is &#8220;Fiscal Conservative&#8221;","author":{"@id":"https:\/\/blacknell.net\/dynamic\/author\/mb\/#author"},"publisher":{"@id":"https:\/\/blacknell.net\/dynamic\/#person"},"datePublished":"2009-11-30T22:43:34-04:00","dateModified":"2009-11-30T22:43:34-04:00","inLanguage":"en-US","commentCount":5,"mainEntityOfPage":{"@id":"https:\/\/blacknell.net\/dynamic\/2009\/11\/30\/on-the-lie-that-is-fiscal-conservative\/#webpage"},"isPartOf":{"@id":"https:\/\/blacknell.net\/dynamic\/2009\/11\/30\/on-the-lie-that-is-fiscal-conservative\/#webpage"},"articleSection":"Politics, Society"},{"@type":"BreadcrumbList","@id":"https:\/\/blacknell.net\/dynamic\/2009\/11\/30\/on-the-lie-that-is-fiscal-conservative\/#breadcrumblist","itemListElement":[{"@type":"ListItem","@id":"https:\/\/blacknell.net\/dynamic#listItem","position":1,"name":"Home","item":"https:\/\/blacknell.net\/dynamic","nextItem":{"@type":"ListItem","@id":"https:\/\/blacknell.net\/dynamic\/category\/society\/#listItem","name":"Society"}},{"@type":"ListItem","@id":"https:\/\/blacknell.net\/dynamic\/category\/society\/#listItem","position":2,"name":"Society","item":"https:\/\/blacknell.net\/dynamic\/category\/society\/","nextItem":{"@type":"ListItem","@id":"https:\/\/blacknell.net\/dynamic\/2009\/11\/30\/on-the-lie-that-is-fiscal-conservative\/#listItem","name":"On The Lie That Is &#8220;Fiscal Conservative&#8221;"},"previousItem":{"@type":"ListItem","@id":"https:\/\/blacknell.net\/dynamic#listItem","name":"Home"}},{"@type":"ListItem","@id":"https:\/\/blacknell.net\/dynamic\/2009\/11\/30\/on-the-lie-that-is-fiscal-conservative\/#listItem","position":3,"name":"On The Lie That Is &#8220;Fiscal Conservative&#8221;","previousItem":{"@type":"ListItem","@id":"https:\/\/blacknell.net\/dynamic\/category\/society\/#listItem","name":"Society"}}]},{"@type":"Person","@id":"https:\/\/blacknell.net\/dynamic\/#person"},{"@type":"Person","@id":"https:\/\/blacknell.net\/dynamic\/author\/mb\/#author","url":"https:\/\/blacknell.net\/dynamic\/author\/mb\/","name":"MB"},{"@type":"WebPage","@id":"https:\/\/blacknell.net\/dynamic\/2009\/11\/30\/on-the-lie-that-is-fiscal-conservative\/#webpage","url":"https:\/\/blacknell.net\/dynamic\/2009\/11\/30\/on-the-lie-that-is-fiscal-conservative\/","name":"On The Lie That Is \u201cFiscal Conservative\u201d | Blacknell.net","description":"I used to bang my head against the wall every time I heard someone say \"I'm a social liberal and a fiscal conservative.\"\u00c2 And then I realized I was going to need my brain for (hopefully) another 50 years.\u00c2 But silly shit like this is the origin of that problem.\u00c2 There are, in reality, *very*","inLanguage":"en-US","isPartOf":{"@id":"https:\/\/blacknell.net\/dynamic\/#website"},"breadcrumb":{"@id":"https:\/\/blacknell.net\/dynamic\/2009\/11\/30\/on-the-lie-that-is-fiscal-conservative\/#breadcrumblist"},"author":{"@id":"https:\/\/blacknell.net\/dynamic\/author\/mb\/#author"},"creator":{"@id":"https:\/\/blacknell.net\/dynamic\/author\/mb\/#author"},"datePublished":"2009-11-30T22:43:34-04:00","dateModified":"2009-11-30T22:43:34-04:00"},{"@type":"WebSite","@id":"https:\/\/blacknell.net\/dynamic\/#website","url":"https:\/\/blacknell.net\/dynamic\/","name":"Blacknell.net","description":"Politics, open government, and safe streets.  And the constant incursion of cycling.","inLanguage":"en-US","publisher":{"@id":"https:\/\/blacknell.net\/dynamic\/#person"}}]},"og:locale":"en_US","og:site_name":"Blacknell.net | Politics, open government, and safe streets.  And the constant incursion of cycling.","og:type":"article","og:title":"On The Lie That Is \u201cFiscal Conservative\u201d | Blacknell.net","og:description":"I used to bang my head against the wall every time I heard someone say &quot;I'm a social liberal and a fiscal conservative.&quot;\u00c2 And then I realized I was going to need my brain for (hopefully) another 50 years.\u00c2 But silly shit like this is the origin of that problem.\u00c2 There are, in reality, *very*","og:url":"https:\/\/blacknell.net\/dynamic\/2009\/11\/30\/on-the-lie-that-is-fiscal-conservative\/","og:image":"https:\/\/blacknell.net\/dynamic\/wp-content\/uploads\/2023\/08\/IMG_2536.jpg","og:image:secure_url":"https:\/\/blacknell.net\/dynamic\/wp-content\/uploads\/2023\/08\/IMG_2536.jpg","og:image:width":1170,"og:image:height":1518,"article:published_time":"2009-12-01T02:43:34+00:00","article:modified_time":"2009-12-01T02:43:34+00:00","article:publisher":"https:\/\/www.facebook.com\/Blacknell\/","twitter:card":"summary","twitter:site":"@Blacknell","twitter:title":"On The Lie That Is \u201cFiscal Conservative\u201d | Blacknell.net","twitter:description":"I used to bang my head against the wall every time I heard someone say &quot;I'm a social liberal and a fiscal conservative.&quot;\u00c2 And then I realized I was going to need my brain for (hopefully) another 50 years.\u00c2 But silly shit like this is the origin of that problem.\u00c2 There are, in reality, *very*","twitter:creator":"@Blacknell","twitter:image":"https:\/\/blacknell.net\/dynamic\/wp-content\/uploads\/2023\/08\/IMG_2536.jpg"},"aioseo_meta_data":{"post_id":"3516","title":null,"description":null,"keywords":null,"keyphrases":null,"primary_term":null,"canonical_url":null,"og_title":null,"og_description":null,"og_object_type":"default","og_image_type":"default","og_image_url":null,"og_image_width":null,"og_image_height":null,"og_image_custom_url":null,"og_image_custom_fields":null,"og_video":null,"og_custom_url":null,"og_article_section":null,"og_article_tags":null,"twitter_use_og":false,"twitter_card":"default","twitter_image_type":"default","twitter_image_url":null,"twitter_image_custom_url":null,"twitter_image_custom_fields":null,"twitter_title":null,"twitter_description":null,"schema":{"blockGraphs":[],"customGraphs":[],"default":{"data":{"Article":[],"Course":[],"Dataset":[],"FAQPage":[],"Movie":[],"Person":[],"Product":[],"ProductReview":[],"Car":[],"Recipe":[],"Service":[],"SoftwareApplication":[],"WebPage":[]},"graphName":"","isEnabled":true},"graphs":[]},"schema_type":null,"schema_type_options":null,"pillar_content":false,"robots_default":true,"robots_noindex":false,"robots_noarchive":false,"robots_nosnippet":false,"robots_nofollow":false,"robots_noimageindex":false,"robots_noodp":false,"robots_notranslate":false,"robots_max_snippet":null,"robots_max_videopreview":null,"robots_max_imagepreview":"large","priority":null,"frequency":null,"location":null,"local_seo":null,"breadcrumb_settings":null,"limit_modified_date":false,"ai":null,"created":"2021-02-04 14:46:46","updated":"2025-12-10 04:50:18","seo_analyzer_scan_date":null,"focus_keyword":null,"additional_keywords":null,"truseo_locale":null},"aioseo_breadcrumb":"<div class=\"aioseo-breadcrumbs\"><span class=\"aioseo-breadcrumb\">\n\t\t\t<a href=\"https:\/\/blacknell.net\/dynamic\" title=\"Home\">Home<\/a>\n\t\t<\/span><span class=\"aioseo-breadcrumb-separator\">&raquo;<\/span><span class=\"aioseo-breadcrumb\">\n\t\t\t<a href=\"https:\/\/blacknell.net\/dynamic\/category\/society\/\" title=\"Society\">Society<\/a>\n\t\t<\/span><span class=\"aioseo-breadcrumb-separator\">&raquo;<\/span><span class=\"aioseo-breadcrumb\">\n\t\t\tOn The Lie That Is \u201cFiscal Conservative\u201d\n\t\t<\/span><\/div>","aioseo_breadcrumb_json":[{"label":"Home","link":"https:\/\/blacknell.net\/dynamic"},{"label":"Society","link":"https:\/\/blacknell.net\/dynamic\/category\/society\/"},{"label":"On The Lie That Is &#8220;Fiscal Conservative&#8221;","link":"https:\/\/blacknell.net\/dynamic\/2009\/11\/30\/on-the-lie-that-is-fiscal-conservative\/"}],"_links":{"self":[{"href":"https:\/\/blacknell.net\/dynamic\/wp-json\/wp\/v2\/posts\/3516","targetHints":{"allow":["GET"]}}],"collection":[{"href":"https:\/\/blacknell.net\/dynamic\/wp-json\/wp\/v2\/posts"}],"about":[{"href":"https:\/\/blacknell.net\/dynamic\/wp-json\/wp\/v2\/types\/post"}],"author":[{"embeddable":true,"href":"https:\/\/blacknell.net\/dynamic\/wp-json\/wp\/v2\/users\/2"}],"replies":[{"embeddable":true,"href":"https:\/\/blacknell.net\/dynamic\/wp-json\/wp\/v2\/comments?post=3516"}],"version-history":[{"count":1,"href":"https:\/\/blacknell.net\/dynamic\/wp-json\/wp\/v2\/posts\/3516\/revisions"}],"predecessor-version":[{"id":3517,"href":"https:\/\/blacknell.net\/dynamic\/wp-json\/wp\/v2\/posts\/3516\/revisions\/3517"}],"wp:attachment":[{"href":"https:\/\/blacknell.net\/dynamic\/wp-json\/wp\/v2\/media?parent=3516"}],"wp:term":[{"taxonomy":"category","embeddable":true,"href":"https:\/\/blacknell.net\/dynamic\/wp-json\/wp\/v2\/categories?post=3516"},{"taxonomy":"post_tag","embeddable":true,"href":"https:\/\/blacknell.net\/dynamic\/wp-json\/wp\/v2\/tags?post=3516"}],"curies":[{"name":"wp","href":"https:\/\/api.w.org\/{rel}","templated":true}]}}