{"id":998,"date":"2008-07-05T09:30:47","date_gmt":"2008-07-05T13:30:47","guid":{"rendered":"https:\/\/blacknell.net\/dynamic\/?p=998"},"modified":"2008-07-05T09:30:47","modified_gmt":"2008-07-05T13:30:47","slug":"le-tour-starts","status":"publish","type":"post","link":"https:\/\/blacknell.net\/dynamic\/2008\/07\/05\/le-tour-starts\/","title":{"rendered":"Le Tour Starts!"},"content":{"rendered":"<p>The Tour de France starts today in Brest, France.\u00c2\u00a0 It&#8217;s the first of 21 stages and 3,554km that the teams will be riding over the next 23 days.\u00c2\u00a0 C&#8217;mon, you know you want to watch it.\u00c2\u00a0 If you&#8217;re in the US, it&#8217;s live on Vs. television most mornings, with evening recaps most days.\u00c2\u00a0 If you&#8217;re in the EU, it&#8217;s on Eurosport (and more national channels than you can count).\u00c2\u00a0 There&#8217;s a plethora of options on the Internet, and they&#8217;re always changing.\u00c2\u00a0 The best place to get up-to-date info for that (and everything else about the race) is <a href=\"http:\/\/www.steephill.tv\/2008\/tour-de-france\/#live\">Steephill.tv<\/a>.<\/p>\n","protected":false},"excerpt":{"rendered":"<p>The Tour de France starts today in Brest, France.\u00c2\u00a0 It&#8217;s the first of 21 stages and 3,554km that the teams will be riding over the next 23 days.\u00c2\u00a0 C&#8217;mon, you know you want to watch it.\u00c2\u00a0 If you&#8217;re in the US, it&#8217;s live on Vs. television most mornings, with evening recaps most days.\u00c2\u00a0 If you&#8217;re [&hellip;]<\/p>\n","protected":false},"author":2,"featured_media":0,"comment_status":"open","ping_status":"open","sticky":false,"template":"","format":"standard","meta":{"_exactmetrics_skip_tracking":false,"ngg_post_thumbnail":0,"activitypub_content_warning":"","activitypub_content_visibility":"","activitypub_max_image_attachments":4,"activitypub_interaction_policy_quote":"anyone","activitypub_status":"","footnotes":""},"categories":[10],"tags":[],"class_list":["post-998","post","type-post","status-publish","format-standard","hentry","category-cycling"],"aioseo_notices":[],"aioseo_head":"\n\t\t<!-- All in One SEO 5.0.1 - aioseo.com -->\n\t<meta name=\"description\" content=\"The Tour de France starts today in Brest, France.\u00c2 It&#039;s the first of 21 stages and 3,554km that the teams will be riding over the next 23 days.\u00c2 C&#039;mon, you know you want to watch it.\u00c2 If you&#039;re in the US, it&#039;s live on Vs. television most mornings, with evening recaps most days.\u00c2 If you&#039;re\" \/>\n\t<meta name=\"robots\" content=\"max-image-preview:large\" \/>\n\t<meta name=\"author\" content=\"MB\"\/>\n\t<meta name=\"keywords\" content=\"cycling\" \/>\n\t<link rel=\"canonical\" href=\"https:\/\/blacknell.net\/dynamic\/2008\/07\/05\/le-tour-starts\/\" \/>\n\t<meta name=\"generator\" content=\"All in One SEO (AIOSEO) 5.0.1\" \/>\n\t\t<meta property=\"og:locale\" content=\"en_US\" \/>\n\t\t<meta property=\"og:site_name\" content=\"Blacknell.net | Politics, open government, and safe streets.  And the constant incursion of cycling.\" \/>\n\t\t<meta property=\"og:type\" content=\"article\" \/>\n\t\t<meta property=\"og:title\" content=\"Le Tour Starts! | Blacknell.net\" \/>\n\t\t<meta property=\"og:description\" content=\"The Tour de France starts today in Brest, France.\u00c2 It&#039;s the first of 21 stages and 3,554km that the teams will be riding over the next 23 days.\u00c2 C&#039;mon, you know you want to watch it.\u00c2 If you&#039;re in the US, it&#039;s live on Vs. television most mornings, with evening recaps most days.\u00c2 If you&#039;re\" \/>\n\t\t<meta property=\"og:url\" content=\"https:\/\/blacknell.net\/dynamic\/2008\/07\/05\/le-tour-starts\/\" \/>\n\t\t<meta property=\"og:image\" content=\"https:\/\/blacknell.net\/dynamic\/wp-content\/uploads\/2023\/08\/IMG_2536.jpg\" \/>\n\t\t<meta property=\"og:image:secure_url\" content=\"https:\/\/blacknell.net\/dynamic\/wp-content\/uploads\/2023\/08\/IMG_2536.jpg\" \/>\n\t\t<meta property=\"og:image:width\" content=\"1170\" \/>\n\t\t<meta property=\"og:image:height\" content=\"1518\" \/>\n\t\t<meta property=\"article:published_time\" content=\"2008-07-05T13:30:47+00:00\" \/>\n\t\t<meta property=\"article:modified_time\" content=\"2008-07-05T13:30:47+00:00\" \/>\n\t\t<meta property=\"article:publisher\" content=\"https:\/\/www.facebook.com\/Blacknell\/\" \/>\n\t\t<meta name=\"twitter:card\" content=\"summary\" \/>\n\t\t<meta name=\"twitter:site\" content=\"@Blacknell\" \/>\n\t\t<meta name=\"twitter:title\" content=\"Le Tour Starts! | Blacknell.net\" \/>\n\t\t<meta name=\"twitter:description\" content=\"The Tour de France starts today in Brest, France.\u00c2 It&#039;s the first of 21 stages and 3,554km that the teams will be riding over the next 23 days.\u00c2 C&#039;mon, you know you want to watch it.\u00c2 If you&#039;re in the US, it&#039;s live on Vs. television most mornings, with evening recaps most days.\u00c2 If you&#039;re\" \/>\n\t\t<meta name=\"twitter:creator\" content=\"@Blacknell\" \/>\n\t\t<meta name=\"twitter:image\" content=\"https:\/\/blacknell.net\/dynamic\/wp-content\/uploads\/2023\/08\/IMG_2536.jpg\" \/>\n\t\t<script type=\"application\/ld+json\" class=\"aioseo-schema\">\n\t\t\t{\"@context\":\"https:\\\/\\\/schema.org\",\"@graph\":[{\"@type\":\"Article\",\"@id\":\"https:\\\/\\\/blacknell.net\\\/dynamic\\\/2008\\\/07\\\/05\\\/le-tour-starts\\\/#article\",\"name\":\"Le Tour Starts! | Blacknell.net\",\"headline\":\"Le Tour Starts!\",\"author\":{\"@id\":\"https:\\\/\\\/blacknell.net\\\/dynamic\\\/author\\\/mb\\\/#author\"},\"publisher\":{\"@id\":\"https:\\\/\\\/blacknell.net\\\/dynamic\\\/#person\"},\"datePublished\":\"2008-07-05T09:30:47-04:00\",\"dateModified\":\"2008-07-05T09:30:47-04:00\",\"inLanguage\":\"en-US\",\"mainEntityOfPage\":{\"@id\":\"https:\\\/\\\/blacknell.net\\\/dynamic\\\/2008\\\/07\\\/05\\\/le-tour-starts\\\/#webpage\"},\"isPartOf\":{\"@id\":\"https:\\\/\\\/blacknell.net\\\/dynamic\\\/2008\\\/07\\\/05\\\/le-tour-starts\\\/#webpage\"},\"articleSection\":\"Cycling\"},{\"@type\":\"BreadcrumbList\",\"@id\":\"https:\\\/\\\/blacknell.net\\\/dynamic\\\/2008\\\/07\\\/05\\\/le-tour-starts\\\/#breadcrumblist\",\"itemListElement\":[{\"@type\":\"ListItem\",\"@id\":\"https:\\\/\\\/blacknell.net\\\/dynamic#listItem\",\"position\":1,\"name\":\"Home\",\"item\":\"https:\\\/\\\/blacknell.net\\\/dynamic\",\"nextItem\":{\"@type\":\"ListItem\",\"@id\":\"https:\\\/\\\/blacknell.net\\\/dynamic\\\/category\\\/cycling\\\/#listItem\",\"name\":\"Cycling\"}},{\"@type\":\"ListItem\",\"@id\":\"https:\\\/\\\/blacknell.net\\\/dynamic\\\/category\\\/cycling\\\/#listItem\",\"position\":2,\"name\":\"Cycling\",\"item\":\"https:\\\/\\\/blacknell.net\\\/dynamic\\\/category\\\/cycling\\\/\",\"nextItem\":{\"@type\":\"ListItem\",\"@id\":\"https:\\\/\\\/blacknell.net\\\/dynamic\\\/2008\\\/07\\\/05\\\/le-tour-starts\\\/#listItem\",\"name\":\"Le Tour Starts!\"},\"previousItem\":{\"@type\":\"ListItem\",\"@id\":\"https:\\\/\\\/blacknell.net\\\/dynamic#listItem\",\"name\":\"Home\"}},{\"@type\":\"ListItem\",\"@id\":\"https:\\\/\\\/blacknell.net\\\/dynamic\\\/2008\\\/07\\\/05\\\/le-tour-starts\\\/#listItem\",\"position\":3,\"name\":\"Le Tour Starts!\",\"previousItem\":{\"@type\":\"ListItem\",\"@id\":\"https:\\\/\\\/blacknell.net\\\/dynamic\\\/category\\\/cycling\\\/#listItem\",\"name\":\"Cycling\"}}]},{\"@type\":\"Person\",\"@id\":\"https:\\\/\\\/blacknell.net\\\/dynamic\\\/#person\"},{\"@type\":\"Person\",\"@id\":\"https:\\\/\\\/blacknell.net\\\/dynamic\\\/author\\\/mb\\\/#author\",\"url\":\"https:\\\/\\\/blacknell.net\\\/dynamic\\\/author\\\/mb\\\/\",\"name\":\"MB\"},{\"@type\":\"WebPage\",\"@id\":\"https:\\\/\\\/blacknell.net\\\/dynamic\\\/2008\\\/07\\\/05\\\/le-tour-starts\\\/#webpage\",\"url\":\"https:\\\/\\\/blacknell.net\\\/dynamic\\\/2008\\\/07\\\/05\\\/le-tour-starts\\\/\",\"name\":\"Le Tour Starts! | Blacknell.net\",\"description\":\"The Tour de France starts today in Brest, France.\\u00c2 It's the first of 21 stages and 3,554km that the teams will be riding over the next 23 days.\\u00c2 C'mon, you know you want to watch it.\\u00c2 If you're in the US, it's live on Vs. television most mornings, with evening recaps most days.\\u00c2 If you're\",\"inLanguage\":\"en-US\",\"isPartOf\":{\"@id\":\"https:\\\/\\\/blacknell.net\\\/dynamic\\\/#website\"},\"breadcrumb\":{\"@id\":\"https:\\\/\\\/blacknell.net\\\/dynamic\\\/2008\\\/07\\\/05\\\/le-tour-starts\\\/#breadcrumblist\"},\"author\":{\"@id\":\"https:\\\/\\\/blacknell.net\\\/dynamic\\\/author\\\/mb\\\/#author\"},\"creator\":{\"@id\":\"https:\\\/\\\/blacknell.net\\\/dynamic\\\/author\\\/mb\\\/#author\"},\"datePublished\":\"2008-07-05T09:30:47-04:00\",\"dateModified\":\"2008-07-05T09:30:47-04:00\"},{\"@type\":\"WebSite\",\"@id\":\"https:\\\/\\\/blacknell.net\\\/dynamic\\\/#website\",\"url\":\"https:\\\/\\\/blacknell.net\\\/dynamic\\\/\",\"name\":\"Blacknell.net\",\"description\":\"Politics, open government, and safe streets.  And the constant incursion of cycling.\",\"inLanguage\":\"en-US\",\"publisher\":{\"@id\":\"https:\\\/\\\/blacknell.net\\\/dynamic\\\/#person\"}}]}\n\t\t<\/script>\n\t\t<!-- All in One SEO -->\n\n","aioseo_head_json":{"title":"Le Tour Starts! | Blacknell.net","description":"The Tour de France starts today in Brest, France.\u00c2 It's the first of 21 stages and 3,554km that the teams will be riding over the next 23 days.\u00c2 C'mon, you know you want to watch it.\u00c2 If you're in the US, it's live on Vs. television most mornings, with evening recaps most days.\u00c2 If you're","canonical_url":"https:\/\/blacknell.net\/dynamic\/2008\/07\/05\/le-tour-starts\/","robots":"max-image-preview:large","keywords":"cycling","webmasterTools":{"miscellaneous":""},"schema":{"@context":"https:\/\/schema.org","@graph":[{"@type":"Article","@id":"https:\/\/blacknell.net\/dynamic\/2008\/07\/05\/le-tour-starts\/#article","name":"Le Tour Starts! | Blacknell.net","headline":"Le Tour Starts!","author":{"@id":"https:\/\/blacknell.net\/dynamic\/author\/mb\/#author"},"publisher":{"@id":"https:\/\/blacknell.net\/dynamic\/#person"},"datePublished":"2008-07-05T09:30:47-04:00","dateModified":"2008-07-05T09:30:47-04:00","inLanguage":"en-US","mainEntityOfPage":{"@id":"https:\/\/blacknell.net\/dynamic\/2008\/07\/05\/le-tour-starts\/#webpage"},"isPartOf":{"@id":"https:\/\/blacknell.net\/dynamic\/2008\/07\/05\/le-tour-starts\/#webpage"},"articleSection":"Cycling"},{"@type":"BreadcrumbList","@id":"https:\/\/blacknell.net\/dynamic\/2008\/07\/05\/le-tour-starts\/#breadcrumblist","itemListElement":[{"@type":"ListItem","@id":"https:\/\/blacknell.net\/dynamic#listItem","position":1,"name":"Home","item":"https:\/\/blacknell.net\/dynamic","nextItem":{"@type":"ListItem","@id":"https:\/\/blacknell.net\/dynamic\/category\/cycling\/#listItem","name":"Cycling"}},{"@type":"ListItem","@id":"https:\/\/blacknell.net\/dynamic\/category\/cycling\/#listItem","position":2,"name":"Cycling","item":"https:\/\/blacknell.net\/dynamic\/category\/cycling\/","nextItem":{"@type":"ListItem","@id":"https:\/\/blacknell.net\/dynamic\/2008\/07\/05\/le-tour-starts\/#listItem","name":"Le Tour Starts!"},"previousItem":{"@type":"ListItem","@id":"https:\/\/blacknell.net\/dynamic#listItem","name":"Home"}},{"@type":"ListItem","@id":"https:\/\/blacknell.net\/dynamic\/2008\/07\/05\/le-tour-starts\/#listItem","position":3,"name":"Le Tour Starts!","previousItem":{"@type":"ListItem","@id":"https:\/\/blacknell.net\/dynamic\/category\/cycling\/#listItem","name":"Cycling"}}]},{"@type":"Person","@id":"https:\/\/blacknell.net\/dynamic\/#person"},{"@type":"Person","@id":"https:\/\/blacknell.net\/dynamic\/author\/mb\/#author","url":"https:\/\/blacknell.net\/dynamic\/author\/mb\/","name":"MB"},{"@type":"WebPage","@id":"https:\/\/blacknell.net\/dynamic\/2008\/07\/05\/le-tour-starts\/#webpage","url":"https:\/\/blacknell.net\/dynamic\/2008\/07\/05\/le-tour-starts\/","name":"Le Tour Starts! | Blacknell.net","description":"The Tour de France starts today in Brest, France.\u00c2 It's the first of 21 stages and 3,554km that the teams will be riding over the next 23 days.\u00c2 C'mon, you know you want to watch it.\u00c2 If you're in the US, it's live on Vs. television most mornings, with evening recaps most days.\u00c2 If you're","inLanguage":"en-US","isPartOf":{"@id":"https:\/\/blacknell.net\/dynamic\/#website"},"breadcrumb":{"@id":"https:\/\/blacknell.net\/dynamic\/2008\/07\/05\/le-tour-starts\/#breadcrumblist"},"author":{"@id":"https:\/\/blacknell.net\/dynamic\/author\/mb\/#author"},"creator":{"@id":"https:\/\/blacknell.net\/dynamic\/author\/mb\/#author"},"datePublished":"2008-07-05T09:30:47-04:00","dateModified":"2008-07-05T09:30:47-04:00"},{"@type":"WebSite","@id":"https:\/\/blacknell.net\/dynamic\/#website","url":"https:\/\/blacknell.net\/dynamic\/","name":"Blacknell.net","description":"Politics, open government, and safe streets.  And the constant incursion of cycling.","inLanguage":"en-US","publisher":{"@id":"https:\/\/blacknell.net\/dynamic\/#person"}}]},"og:locale":"en_US","og:site_name":"Blacknell.net | Politics, open government, and safe streets.  And the constant incursion of cycling.","og:type":"article","og:title":"Le Tour Starts! | Blacknell.net","og:description":"The Tour de France starts today in Brest, France.\u00c2 It's the first of 21 stages and 3,554km that the teams will be riding over the next 23 days.\u00c2 C'mon, you know you want to watch it.\u00c2 If you're in the US, it's live on Vs. television most mornings, with evening recaps most days.\u00c2 If you're","og:url":"https:\/\/blacknell.net\/dynamic\/2008\/07\/05\/le-tour-starts\/","og:image":"https:\/\/blacknell.net\/dynamic\/wp-content\/uploads\/2023\/08\/IMG_2536.jpg","og:image:secure_url":"https:\/\/blacknell.net\/dynamic\/wp-content\/uploads\/2023\/08\/IMG_2536.jpg","og:image:width":1170,"og:image:height":1518,"article:published_time":"2008-07-05T13:30:47+00:00","article:modified_time":"2008-07-05T13:30:47+00:00","article:publisher":"https:\/\/www.facebook.com\/Blacknell\/","twitter:card":"summary","twitter:site":"@Blacknell","twitter:title":"Le Tour Starts! | Blacknell.net","twitter:description":"The Tour de France starts today in Brest, France.\u00c2 It's the first of 21 stages and 3,554km that the teams will be riding over the next 23 days.\u00c2 C'mon, you know you want to watch it.\u00c2 If you're in the US, it's live on Vs. television most mornings, with evening recaps most days.\u00c2 If you're","twitter:creator":"@Blacknell","twitter:image":"https:\/\/blacknell.net\/dynamic\/wp-content\/uploads\/2023\/08\/IMG_2536.jpg"},"aioseo_meta_data":{"post_id":"998","title":null,"description":null,"keywords":null,"keyphrases":null,"primary_term":null,"canonical_url":null,"og_title":null,"og_description":null,"og_object_type":"default","og_image_type":"default","og_image_url":null,"og_image_width":null,"og_image_height":null,"og_image_custom_url":null,"og_image_custom_fields":null,"og_video":null,"og_custom_url":null,"og_article_section":null,"og_article_tags":null,"twitter_use_og":false,"twitter_card":"default","twitter_image_type":"default","twitter_image_url":null,"twitter_image_custom_url":null,"twitter_image_custom_fields":null,"twitter_title":null,"twitter_description":null,"schema":{"blockGraphs":[],"customGraphs":[],"default":{"data":{"Article":[],"Course":[],"Dataset":[],"FAQPage":[],"Movie":[],"Person":[],"Product":[],"ProductReview":[],"Car":[],"Recipe":[],"Service":[],"SoftwareApplication":[],"WebPage":[]},"graphName":"Article","isEnabled":true},"graphs":[]},"schema_type":null,"schema_type_options":null,"pillar_content":false,"robots_default":true,"robots_noindex":false,"robots_noarchive":false,"robots_nosnippet":false,"robots_nofollow":false,"robots_noimageindex":false,"robots_noodp":false,"robots_notranslate":false,"robots_max_snippet":null,"robots_max_videopreview":null,"robots_max_imagepreview":"large","priority":null,"frequency":null,"location":null,"local_seo":null,"breadcrumb_settings":null,"limit_modified_date":false,"ai":null,"created":"2021-02-04 15:12:57","updated":"2025-12-10 01:11:54","seo_analyzer_scan_date":null,"focus_keyword":null,"additional_keywords":null,"truseo_locale":null},"aioseo_breadcrumb":"<div class=\"aioseo-breadcrumbs\"><span class=\"aioseo-breadcrumb\">\n\t\t\t<a href=\"https:\/\/blacknell.net\/dynamic\" title=\"Home\">Home<\/a>\n\t\t<\/span><span class=\"aioseo-breadcrumb-separator\">&raquo;<\/span><span class=\"aioseo-breadcrumb\">\n\t\t\t<a href=\"https:\/\/blacknell.net\/dynamic\/category\/cycling\/\" title=\"Cycling\">Cycling<\/a>\n\t\t<\/span><span class=\"aioseo-breadcrumb-separator\">&raquo;<\/span><span class=\"aioseo-breadcrumb\">\n\t\t\tLe Tour Starts!\n\t\t<\/span><\/div>","aioseo_breadcrumb_json":[{"label":"Home","link":"https:\/\/blacknell.net\/dynamic"},{"label":"Cycling","link":"https:\/\/blacknell.net\/dynamic\/category\/cycling\/"},{"label":"Le Tour Starts!","link":"https:\/\/blacknell.net\/dynamic\/2008\/07\/05\/le-tour-starts\/"}],"_links":{"self":[{"href":"https:\/\/blacknell.net\/dynamic\/wp-json\/wp\/v2\/posts\/998","targetHints":{"allow":["GET"]}}],"collection":[{"href":"https:\/\/blacknell.net\/dynamic\/wp-json\/wp\/v2\/posts"}],"about":[{"href":"https:\/\/blacknell.net\/dynamic\/wp-json\/wp\/v2\/types\/post"}],"author":[{"embeddable":true,"href":"https:\/\/blacknell.net\/dynamic\/wp-json\/wp\/v2\/users\/2"}],"replies":[{"embeddable":true,"href":"https:\/\/blacknell.net\/dynamic\/wp-json\/wp\/v2\/comments?post=998"}],"version-history":[{"count":0,"href":"https:\/\/blacknell.net\/dynamic\/wp-json\/wp\/v2\/posts\/998\/revisions"}],"wp:attachment":[{"href":"https:\/\/blacknell.net\/dynamic\/wp-json\/wp\/v2\/media?parent=998"}],"wp:term":[{"taxonomy":"category","embeddable":true,"href":"https:\/\/blacknell.net\/dynamic\/wp-json\/wp\/v2\/categories?post=998"},{"taxonomy":"post_tag","embeddable":true,"href":"https:\/\/blacknell.net\/dynamic\/wp-json\/wp\/v2\/tags?post=998"}],"curies":[{"name":"wp","href":"https:\/\/api.w.org\/{rel}","templated":true}]}}